{"id":402523,"date":"2025-05-16T03:40:06","date_gmt":"2025-05-16T01:40:06","guid":{"rendered":"https:\/\/www.nbamaniacs.com\/de\/nachrichten\/curry-ruft-nach-grossen-sommerentscheidungen\/"},"modified":"2025-06-11T11:17:49","modified_gmt":"2025-06-11T09:17:49","slug":"curry-ruft-nach-grossen-sommerentscheidungen","status":"publish","type":"post","link":"https:\/\/www.nbamaniacs.com\/de\/nachrichten\/curry-ruft-nach-grossen-sommerentscheidungen\/","title":{"rendered":"Curry ruft nach gro\u00dfen Sommerentscheidungen"},"content":{"rendered":"<p>Die Golden State Warriors z\u00e4hlen in diesem Sommer zu den Teams, auf die man besonders achten sollte. Steve Kerrs Kader wirkt wie ein starker Kandidat, um sich weiter zu verst\u00e4rken, doch es d\u00fcrfte eher um kleinere Anpassungen gehen als um gro\u00dfe Ver\u00e4nderungen mit prominenten Namen.<\/p>\n<p>Das l\u00e4sst sich zumindest aus Stephen Currys Aussagen schlie\u00dfen, denn er zeigte sich begeistert von der Aussicht, in der n\u00e4chsten Saison vom ersten Tag an mit Jimmy Butler und Draymond Green auf dem Parkett zu stehen.<\/p>\n<p>\u201eIch bin begeistert, weil der Kern des Kaders klar ist\u201c, sagte er mit Blick auf die beiden. \u201eWir haben noch zwei Jahre in unseren Vertr\u00e4gen und wollen, dass das so lange wie m\u00f6glich Bestand hat.\u201c<\/p>\n<p>Allerdings wirkt er beim Rest des Kaders weniger optimistisch: \u201eDiesen Sommer stehen viele Entscheidungen an. Wir m\u00fcssen herausfinden, was das Team n\u00e4chste Saison braucht, das angehen und uns auf weitere 82 Spiele vorbereiten. Hoffentlich haben wir am Ende mehr Spielraum und brauchen nicht wieder zwei perfekte Monate, nur um die Playoffs zu erreichen.\u201c<\/p>\n<h2 class=\"wp-block-heading\">Entt\u00e4uscht, aber optimistisch<\/h2>\n<p>Diese Saison hat Curry mit gemischten Gef\u00fchlen zur\u00fcckgelassen, weil sie so ungl\u00fccklich endete. Der Point Guard musste verletzt zusehen, wie <a href=\"https:\/\/www.nbamaniacs.com\/de\/nachberichte\/minnesota-stoppt-warriors-und-ist-zurueck-im-west-finale\/\" target=\"_blank\" rel=\"noreferrer noopener\">seine Teamkollegen ausschieden<\/a>, w\u00e4hrend er versuchte, sich von seiner Verletzung zu erholen. Trotzdem hat er die gute Arbeit der letzten Monate nicht vergessen und glaubt fest daran, dass sie, wenn sie von Verletzungen verschont bleiben, im n\u00e4chsten Jahr noch weiter nach oben klettern k\u00f6nnen.<\/p>\n<p>\u201eEs war definitiv entt\u00e4uschend. Wir haben geglaubt, wir k\u00f6nnten alles gewinnen, wenn wir gesund bleiben. Anhand der letzten beiden Monate der Regular Season und der Serie gegen Houston konntest du sehen, dass wir auf h\u00f6chstem Niveau spielen k\u00f6nnen, wenn wir fokussiert sind. Bedeutet das, dass wir eine Meisterschaft holen k\u00f6nnen? Genau darauf hoffen wir.\u201c<\/p>\n<p><em>(Cover photo: Jesse Johnson-Imagn Images)<\/em><\/p>\n","protected":false},"excerpt":{"rendered":"<p>Die Golden State Warriors z\u00e4hlen in diesem Sommer zu den Teams, auf die man besonders achten sollte. Steve Kerrs Kader wirkt wie ein starker Kandidat, &#8230; <a title=\"Curry ruft nach gro\u00dfen Sommerentscheidungen\" class=\"read-more\" href=\"https:\/\/www.nbamaniacs.com\/de\/nachrichten\/curry-ruft-nach-grossen-sommerentscheidungen\/\" aria-label=\"Mehr Informationen \u00fcber Curry ruft nach gro\u00dfen Sommerentscheidungen\">Mehr lesen<\/a><\/p>\n","protected":false},"author":14497,"featured_media":402506,"comment_status":"open","ping_status":"closed","sticky":false,"template":"","format":"standard","meta":{"ub_ctt_via":"","footnotes":""},"categories":[6],"tags":[1377,26,1090,336],"class_list":["post-402523","post","type-post","status-publish","format-standard","has-post-thumbnail","hentry","category-nachrichten","tag-draymond-green","tag-golden-state-warriors","tag-jimmy-butler","tag-stephen-curry","no-featured-image-padding","resize-featured-image"],"featured_image_src":"https:\/\/www.nbamaniacs.com\/de\/wp-content\/uploads\/2025\/06\/curry-erobert-platz-1.jpg","author_info":{"display_name":"Niko Jens Schwann","author_link":"https:\/\/www.nbamaniacs.com\/de\/autor\/niko-jens-schwann\/"},"_links":{"self":[{"href":"https:\/\/www.nbamaniacs.com\/de\/wp-json\/wp\/v2\/posts\/402523","targetHints":{"allow":["GET"]}}],"collection":[{"href":"https:\/\/www.nbamaniacs.com\/de\/wp-json\/wp\/v2\/posts"}],"about":[{"href":"https:\/\/www.nbamaniacs.com\/de\/wp-json\/wp\/v2\/types\/post"}],"author":[{"embeddable":true,"href":"https:\/\/www.nbamaniacs.com\/de\/wp-json\/wp\/v2\/users\/14497"}],"replies":[{"embeddable":true,"href":"https:\/\/www.nbamaniacs.com\/de\/wp-json\/wp\/v2\/comments?post=402523"}],"version-history":[{"count":1,"href":"https:\/\/www.nbamaniacs.com\/de\/wp-json\/wp\/v2\/posts\/402523\/revisions"}],"predecessor-version":[{"id":409950,"href":"https:\/\/www.nbamaniacs.com\/de\/wp-json\/wp\/v2\/posts\/402523\/revisions\/409950"}],"wp:featuredmedia":[{"embeddable":true,"href":"https:\/\/www.nbamaniacs.com\/de\/wp-json\/wp\/v2\/media\/402506"}],"wp:attachment":[{"href":"https:\/\/www.nbamaniacs.com\/de\/wp-json\/wp\/v2\/media?parent=402523"}],"wp:term":[{"taxonomy":"category","embeddable":true,"href":"https:\/\/www.nbamaniacs.com\/de\/wp-json\/wp\/v2\/categories?post=402523"},{"taxonomy":"post_tag","embeddable":true,"href":"https:\/\/www.nbamaniacs.com\/de\/wp-json\/wp\/v2\/tags?post=402523"}],"curies":[{"name":"wp","href":"https:\/\/api.w.org\/{rel}","templated":true}]}}