{"id":402626,"date":"2025-05-07T06:55:00","date_gmt":"2025-05-07T04:55:00","guid":{"rendered":"https:\/\/www.nbamaniacs.com\/de\/nachrichten\/finch-kritisiert-edwards-scharf\/"},"modified":"2025-05-07T06:55:00","modified_gmt":"2025-05-07T04:55:00","slug":"finch-kritisiert-edwards-scharf","status":"publish","type":"post","link":"https:\/\/www.nbamaniacs.com\/de\/nachrichten\/finch-kritisiert-edwards-scharf\/","title":{"rendered":"Finch kritisiert Edwards scharf"},"content":{"rendered":"<p>In Minnesota kam es nicht gut an, das erste Spiel der Western Conference Semifinals gegen die Golden State Warriors zu verlieren \u2013 vor allem wegen der Art und Weise, wie es geschah. Chris Finch hielt sich nicht zur\u00fcck, als er Anthony Edwards ansprach. Er forderte, dass sein Star das Team nicht nur mit Zahlen anf\u00fchrt.<\/p>\n<p>Statt Zur\u00fcckhaltung zu zeigen, kritisierte der Head Coach der Timberwolves die Leistung seines Stars. Er ist \u00fcberzeugt, dass Edwards die Konzentration verlor, als ihm klar wurde, dass er keinen guten Abend erwischt hatte. Finch erwartet, dass er unter allen Umst\u00e4nden f\u00fchrt.<\/p>\n<p>\u201eAlles f\u00e4ngt bei Ant an. Ich glaube, er hatte fr\u00fch Probleme, und dann ging bei ihm f\u00fcr eine Weile das Licht aus \u2026\u201c, sagte er \u00fcber den All-Star, der zur Halbzeit bei nur einem Punkt stand, nachdem er 0-von-8 aus dem Feld getroffen hatte. Die Wolves bezahlten daf\u00fcr mit einem 31:44-R\u00fcckstand in dieser Phase.<\/p>\n<p>Edwards fing sich in der zweiten Halbzeit und erzielte nach zehn Fehlw\u00fcrfen zum Start schlie\u00dflich 23 Punkte (9-von-23). Doch Finch spricht nicht \u00fcber Statistiken \u2013 es geht ihm um den unbedingten Wettbewerbswillen, der immer pr\u00e4sent sein muss. Er sah diesen aber nicht durchgehend im Team. Au\u00dferdem betonte er, dass man in dieser Phase der Playoffs \u00fcberhaupt nicht \u00fcber Edwards\u2019 Mentalit\u00e4t reden sollte.<\/p>\n<div style=\"height:20px\" aria-hidden=\"true\" class=\"wp-block-spacer\"><\/div>\n<figure class=\"wp-block-embed is-type-video is-provider-youtube wp-block-embed-youtube wp-embed-aspect-16-9 wp-has-aspect-ratio\">\n<div class=\"wp-block-embed__wrapper\">\n<iframe title=\"\u201cIt Didn\u2019t Feel Like Us At All.&quot; | Chris Finch Playoff Round 2 Game 1 Postgame Sound | 05.06.25\" width=\"1200\" height=\"675\" src=\"https:\/\/www.youtube.com\/embed\/LINayZ_Vsmw?feature=oembed\" frameborder=\"0\" allow=\"accelerometer; autoplay; clipboard-write; encrypted-media; gyroscope; picture-in-picture; web-share\" referrerpolicy=\"strict-origin-when-cross-origin\" allowfullscreen><\/iframe>\n<\/div>\n<\/figure>\n<div style=\"height:20px\" aria-hidden=\"true\" class=\"wp-block-spacer\"><\/div>\n<p>\u201eWor\u00fcber sollen wir reden? Du bist der Leader dieses Teams. Du musst rausgehen und den Ton angeben. Wenn dein Wurf nicht f\u00e4llt, musst du trotzdem Energie ins Team bringen. Wenn ich mit den Jungs dar\u00fcber reden muss, wie wichtig Energie im ersten Spiel der zweiten Playoff-Runde ist, dann sind wir nicht auf derselben Wellenl\u00e4nge\u201c, erkl\u00e4rte er.<\/p>\n<h2 class=\"wp-block-heading\">Edwards verteidigt sich<\/h2>\n<p>Edwards wusste, dass es nicht seine beste Offensiv-Leistung war, und stellte zugleich klar, dass sein Einsatz nicht infrage stehen sollte. Er verwies auf seine Defensive, die er \u00fcber die gesamte Partie einbrachte. Trotzdem nimmt der <em>Guard<\/em> die Kritik an. \u201eIrgendwer wird die Schuld abbekommen; sie k\u00f6nnen mir die Schuld geben, aber wir haben einfach nicht gut genug gespielt\u201c, sagte er.<\/p>\n<p><em>(Photo by Matt Blewett-Imagn Images)<\/em><\/p>\n","protected":false},"excerpt":{"rendered":"<p>In Minnesota kam es nicht gut an, das erste Spiel der Western Conference Semifinals gegen die Golden State Warriors zu verlieren \u2013 vor allem wegen &#8230; <a title=\"Finch kritisiert Edwards scharf\" class=\"read-more\" href=\"https:\/\/www.nbamaniacs.com\/de\/nachrichten\/finch-kritisiert-edwards-scharf\/\" aria-label=\"Mehr Informationen \u00fcber Finch kritisiert Edwards scharf\">Mehr lesen<\/a><\/p>\n","protected":false},"author":14497,"featured_media":402616,"comment_status":"open","ping_status":"closed","sticky":false,"template":"","format":"standard","meta":{"ub_ctt_via":"","footnotes":""},"categories":[6],"tags":[4089,3059,185],"class_list":["post-402626","post","type-post","status-publish","format-standard","has-post-thumbnail","hentry","category-nachrichten","tag-anthony-edwards","tag-chris-finch","tag-minnesota-timberwolves","no-featured-image-padding","resize-featured-image"],"featured_image_src":"https:\/\/www.nbamaniacs.com\/de\/wp-content\/uploads\/2025\/06\/edwards-l-asst-rivalen-erzittern.jpg","author_info":{"display_name":"Niko Jens Schwann","author_link":"https:\/\/www.nbamaniacs.com\/de\/autor\/niko-jens-schwann\/"},"_links":{"self":[{"href":"https:\/\/www.nbamaniacs.com\/de\/wp-json\/wp\/v2\/posts\/402626","targetHints":{"allow":["GET"]}}],"collection":[{"href":"https:\/\/www.nbamaniacs.com\/de\/wp-json\/wp\/v2\/posts"}],"about":[{"href":"https:\/\/www.nbamaniacs.com\/de\/wp-json\/wp\/v2\/types\/post"}],"author":[{"embeddable":true,"href":"https:\/\/www.nbamaniacs.com\/de\/wp-json\/wp\/v2\/users\/14497"}],"replies":[{"embeddable":true,"href":"https:\/\/www.nbamaniacs.com\/de\/wp-json\/wp\/v2\/comments?post=402626"}],"version-history":[{"count":0,"href":"https:\/\/www.nbamaniacs.com\/de\/wp-json\/wp\/v2\/posts\/402626\/revisions"}],"wp:featuredmedia":[{"embeddable":true,"href":"https:\/\/www.nbamaniacs.com\/de\/wp-json\/wp\/v2\/media\/402616"}],"wp:attachment":[{"href":"https:\/\/www.nbamaniacs.com\/de\/wp-json\/wp\/v2\/media?parent=402626"}],"wp:term":[{"taxonomy":"category","embeddable":true,"href":"https:\/\/www.nbamaniacs.com\/de\/wp-json\/wp\/v2\/categories?post=402626"},{"taxonomy":"post_tag","embeddable":true,"href":"https:\/\/www.nbamaniacs.com\/de\/wp-json\/wp\/v2\/tags?post=402626"}],"curies":[{"name":"wp","href":"https:\/\/api.w.org\/{rel}","templated":true}]}}