{"id":402689,"date":"2025-05-02T11:00:00","date_gmt":"2025-05-02T09:00:00","guid":{"rendered":"https:\/\/www.nbamaniacs.com\/de\/nachrichten\/giannis-entscheidung-ueber-zukunft-beim-schluesselmeeting\/"},"modified":"2025-06-11T11:21:43","modified_gmt":"2025-06-11T09:21:43","slug":"giannis-entscheidung-ueber-zukunft-beim-schluesselmeeting","status":"publish","type":"post","link":"https:\/\/www.nbamaniacs.com\/de\/nachrichten\/giannis-entscheidung-ueber-zukunft-beim-schluesselmeeting\/","title":{"rendered":"Giannis: Entscheidung \u00fcber Zukunft beim Schl\u00fcsselmeeting"},"content":{"rendered":"<p>Zu behaupten, Giannis Antetokounmpo stehe vor einer ungewissen Zukunft, ist schlicht die Wahrheit. Wenn er im Sommer 2024 schon andeutete, dass ein Trade wom\u00f6glich die beste L\u00f6sung f\u00fcr das Team sei, hat sich daran ein Jahr sp\u00e4ter nichts verbessert. Tats\u00e4chlich ist es mit einem weiteren schnellen Playoff-Aus und der <a href=\"https:\/\/www.nbamaniacs.com\/de\/nachrichten\/lillard-erleidet-achillessehnenriss\/\" target=\"_blank\" rel=\"noreferrer noopener\">schweren Verletzung von Damian Lillard<\/a> sogar noch schlimmer geworden.<\/p>\n<p>Der zweimalige NBA-MVP und Champion von 2021 will gewinnen. Wenn er bereits vor einem Jahr nicht davon \u00fcberzeugt war, das mit den Milwaukee Bucks zu schaffen, was sollte ihn jetzt vom Gegenteil \u00fcberzeugen? Vor diesem Hintergrund \u2013 und im Wissen, dass die Brooklyn Nets laut Bill Simmons fest entschlossen sind, ihn zu verpflichten \u2013 steht der griechische Superstar vor einem wegweisenden Treffen \u00fcber seine Zukunft mit der Organisation aus Wisconsin.<\/p>\n<p>Obwohl die Position der beiden Seiten zu diesem Meeting unklar bleibt \u2013 berichtet Shams Charania von <em>ESPN<\/em> \u2013 ist wohl zu erwarten, dass die Bucks einen erneuten Vorsto\u00df unternehmen werden, ihn zu halten, w\u00e4hrend der Spieler den Druck erh\u00f6hen k\u00f6nnte. So nach dem Motto: Zeigt mir einen Kaderumbruch, der mich \u00fcberzeugt, oder ich verlange einen Trade.<\/p>\n<p>Vielleicht wird der Greek Freak nicht so unverbl\u00fcmt auftreten. Doch mit 30 Jahren k\u00f6nnte er es leid sein, auf einen Schub aus der Chefetage zu warten, der nie kommt. Wir reden hier von vier Saisons mit nur einem gewonnenen Playoff-Duell \u2013 unvorstellbar f\u00fcr einen Spieler, der in dieser Zeit im Schnitt rund 30 Punkte, 12 Rebounds und 6 Assists aufgelegt hat.<\/p>\n<h2 class=\"wp-block-heading\">Brooklyn, eine Frage der Assets<\/h2>\n<p>Mehrere Medien nennen die Brooklyn Nets als Spitzenreiter bei der Jagd nach Giannis Antetokounmpo. Das ergibt Sinn. Es ist ein gro\u00dfer Markt, sie haben mehr als genug Assets, um Milwaukee zufriedenzustellen, und der Spieler selbst hat mehrfach betont, New York City zu lieben und dort gesch\u00e4ftliche Interessen zu verfolgen. Nichts ist garantiert, denn viele Teams werden sich um ihn bem\u00fchen, sollte er auf den Markt kommen. Aber es w\u00e4re definitiv eine passende Konstellation.<\/p>\n<p><em>(Photo by Michael McLoone-Imagn Images)<\/em><\/p>\n","protected":false},"excerpt":{"rendered":"<p>Zu behaupten, Giannis Antetokounmpo stehe vor einer ungewissen Zukunft, ist schlicht die Wahrheit. Wenn er im Sommer 2024 schon andeutete, dass ein Trade wom\u00f6glich die &#8230; <a title=\"Giannis: Entscheidung \u00fcber Zukunft beim Schl\u00fcsselmeeting\" class=\"read-more\" href=\"https:\/\/www.nbamaniacs.com\/de\/nachrichten\/giannis-entscheidung-ueber-zukunft-beim-schluesselmeeting\/\" aria-label=\"Mehr Informationen \u00fcber Giannis: Entscheidung \u00fcber Zukunft beim Schl\u00fcsselmeeting\">Mehr lesen<\/a><\/p>\n","protected":false},"author":14497,"featured_media":402680,"comment_status":"open","ping_status":"closed","sticky":false,"template":"","format":"standard","meta":{"ub_ctt_via":"","footnotes":""},"categories":[6],"tags":[1698,229],"class_list":["post-402689","post","type-post","status-publish","format-standard","has-post-thumbnail","hentry","category-nachrichten","tag-giannis-antetokounmpo","tag-milwaukee-bucks","no-featured-image-padding","resize-featured-image"],"featured_image_src":"https:\/\/www.nbamaniacs.com\/de\/wp-content\/uploads\/2025\/06\/giannis-st-urmt-am-freitag-das-parkett.jpg","author_info":{"display_name":"Niko Jens Schwann","author_link":"https:\/\/www.nbamaniacs.com\/de\/autor\/niko-jens-schwann\/"},"_links":{"self":[{"href":"https:\/\/www.nbamaniacs.com\/de\/wp-json\/wp\/v2\/posts\/402689","targetHints":{"allow":["GET"]}}],"collection":[{"href":"https:\/\/www.nbamaniacs.com\/de\/wp-json\/wp\/v2\/posts"}],"about":[{"href":"https:\/\/www.nbamaniacs.com\/de\/wp-json\/wp\/v2\/types\/post"}],"author":[{"embeddable":true,"href":"https:\/\/www.nbamaniacs.com\/de\/wp-json\/wp\/v2\/users\/14497"}],"replies":[{"embeddable":true,"href":"https:\/\/www.nbamaniacs.com\/de\/wp-json\/wp\/v2\/comments?post=402689"}],"version-history":[{"count":1,"href":"https:\/\/www.nbamaniacs.com\/de\/wp-json\/wp\/v2\/posts\/402689\/revisions"}],"predecessor-version":[{"id":410025,"href":"https:\/\/www.nbamaniacs.com\/de\/wp-json\/wp\/v2\/posts\/402689\/revisions\/410025"}],"wp:featuredmedia":[{"embeddable":true,"href":"https:\/\/www.nbamaniacs.com\/de\/wp-json\/wp\/v2\/media\/402680"}],"wp:attachment":[{"href":"https:\/\/www.nbamaniacs.com\/de\/wp-json\/wp\/v2\/media?parent=402689"}],"wp:term":[{"taxonomy":"category","embeddable":true,"href":"https:\/\/www.nbamaniacs.com\/de\/wp-json\/wp\/v2\/categories?post=402689"},{"taxonomy":"post_tag","embeddable":true,"href":"https:\/\/www.nbamaniacs.com\/de\/wp-json\/wp\/v2\/tags?post=402689"}],"curies":[{"name":"wp","href":"https:\/\/api.w.org\/{rel}","templated":true}]}}