{"id":402727,"date":"2025-04-26T09:00:00","date_gmt":"2025-04-26T07:00:00","guid":{"rendered":"https:\/\/www.nbamaniacs.com\/de\/nachrichten\/doncic-faellt-krankheitsbedingt-aus\/"},"modified":"2025-06-11T11:23:25","modified_gmt":"2025-06-11T09:23:25","slug":"doncic-faellt-krankheitsbedingt-aus","status":"publish","type":"post","link":"https:\/\/www.nbamaniacs.com\/de\/nachrichten\/doncic-faellt-krankheitsbedingt-aus\/","title":{"rendered":"Doncic f\u00e4llt krankheitsbedingt aus"},"content":{"rendered":"<p>Es ist ungew\u00f6hnlich, Luka Doncic in einer so wichtigen Partie wie <a href=\"https:\/\/www.nbamaniacs.com\/de\/nachberichte\/edwards-schockt-die-lakers-in-der-schlussphase\/\" target=\"_blank\" rel=\"noreferrer noopener\">Spiel 3 der Serie gegen die Minnesota Timberwolves<\/a> bei nur 17 Punkten zu sehen. Wie zu erwarten, war die Kritik sofort auf ihn gerichtet. Das gefiel J.J. Redick gar nicht: Er verteidigte seinen Sch\u00fctzling und erkl\u00e4rte, Doncic habe sich gegen Minneapolis mit einem Virus herumgeschlagen, der seine F\u00e4higkeiten stark einschr\u00e4nkte.<\/p>\n<p>\u201eEr f\u00fchlt sich seit 24 Stunden nicht gut. Ich wei\u00df nicht, wie viel er letzte Nacht geschlafen hat. Sein Magen machte Probleme, er hat den ganzen Nachmittag erbrochen \u2026 Ihm geht es wirklich schlecht\u201c, sagte der Head Coach der Los Angeles Lakers.<\/p>\n<p>Trotz dieser Magenbeschwerden stand der slowenische Star ganze 40 Minuten auf dem Parkett und legte 17 Punkte, 7 Rebounds und 8 Assists auf. Allerdings traf er nur 6 seiner 16 W\u00fcrfe (2 von 8 Dreier) und verlor f\u00fcnfmal den Ball.<\/p>\n<div style=\"height:20px\" aria-hidden=\"true\" class=\"wp-block-spacer\"><\/div>\n<figure class=\"wp-block-embed is-type-video is-provider-youtube wp-block-embed-youtube wp-embed-aspect-16-9 wp-has-aspect-ratio\">\n<div class=\"wp-block-embed__wrapper\">\n<iframe title=\"JJ Redick said Luka Doncic was vomiting all day and is really sick\" width=\"1200\" height=\"675\" src=\"https:\/\/www.youtube.com\/embed\/5heLZpZMfrc?feature=oembed\" frameborder=\"0\" allow=\"accelerometer; autoplay; clipboard-write; encrypted-media; gyroscope; picture-in-picture; web-share\" referrerpolicy=\"strict-origin-when-cross-origin\" allowfullscreen><\/iframe>\n<\/div>\n<\/figure>\n<div style=\"height:20px\" aria-hidden=\"true\" class=\"wp-block-spacer\"><\/div>\n<p>Obwohl Doncic alles andere als fit war, k\u00e4mpften die Lakers bis zum 103:103 in den Schlussminuten. Genau dann entschied Anthony Edwards mit einer Reihe spektakul\u00e4rer Aktionen den Abend f\u00fcr die Wolves.<\/p>\n<h2 class=\"wp-block-heading\">Doncics Einsatz in Spiel 4<\/h2>\n<p>Sein Mitwirken ist im Grunde sicher. Wenn er trotz Krankheit in Spiel 3 auflief, kann man davon ausgehen, dass er bis Spiel 4 wieder fit ist und sein Bestes geben kann. Die Lakers brauchen ihn, denn mit einem 1:3-R\u00fcckstand nach Crypto.com zur\u00fcckzukehren w\u00fcrde in einer Saison, die nach Doncics Ankunft gro\u00dfe Hoffnungen weckte, fast das Aus bedeuten.<\/p>\n<p><em>(Photo by Jesse Johnson-Imagn Images)<\/em><\/p>\n","protected":false},"excerpt":{"rendered":"<p>Es ist ungew\u00f6hnlich, Luka Doncic in einer so wichtigen Partie wie Spiel 3 der Serie gegen die Minnesota Timberwolves bei nur 17 Punkten zu sehen. &#8230; <a title=\"Doncic f\u00e4llt krankheitsbedingt aus\" class=\"read-more\" href=\"https:\/\/www.nbamaniacs.com\/de\/nachrichten\/doncic-faellt-krankheitsbedingt-aus\/\" aria-label=\"Mehr Informationen \u00fcber Doncic f\u00e4llt krankheitsbedingt aus\">Mehr lesen<\/a><\/p>\n","protected":false},"author":14497,"featured_media":402713,"comment_status":"open","ping_status":"closed","sticky":false,"template":"","format":"standard","meta":{"ub_ctt_via":"","footnotes":""},"categories":[6],"tags":[301,10,3561],"class_list":["post-402727","post","type-post","status-publish","format-standard","has-post-thumbnail","hentry","category-nachrichten","tag-j-j-redick","tag-los-angeles-lakers","tag-luka-doncic","no-featured-image-padding","resize-featured-image"],"featured_image_src":"https:\/\/www.nbamaniacs.com\/de\/wp-content\/uploads\/2025\/06\/doncic-f-allt-am-samstag-krank-aus.jpg","author_info":{"display_name":"Niko Jens Schwann","author_link":"https:\/\/www.nbamaniacs.com\/de\/autor\/niko-jens-schwann\/"},"_links":{"self":[{"href":"https:\/\/www.nbamaniacs.com\/de\/wp-json\/wp\/v2\/posts\/402727","targetHints":{"allow":["GET"]}}],"collection":[{"href":"https:\/\/www.nbamaniacs.com\/de\/wp-json\/wp\/v2\/posts"}],"about":[{"href":"https:\/\/www.nbamaniacs.com\/de\/wp-json\/wp\/v2\/types\/post"}],"author":[{"embeddable":true,"href":"https:\/\/www.nbamaniacs.com\/de\/wp-json\/wp\/v2\/users\/14497"}],"replies":[{"embeddable":true,"href":"https:\/\/www.nbamaniacs.com\/de\/wp-json\/wp\/v2\/comments?post=402727"}],"version-history":[{"count":1,"href":"https:\/\/www.nbamaniacs.com\/de\/wp-json\/wp\/v2\/posts\/402727\/revisions"}],"predecessor-version":[{"id":410061,"href":"https:\/\/www.nbamaniacs.com\/de\/wp-json\/wp\/v2\/posts\/402727\/revisions\/410061"}],"wp:featuredmedia":[{"embeddable":true,"href":"https:\/\/www.nbamaniacs.com\/de\/wp-json\/wp\/v2\/media\/402713"}],"wp:attachment":[{"href":"https:\/\/www.nbamaniacs.com\/de\/wp-json\/wp\/v2\/media?parent=402727"}],"wp:term":[{"taxonomy":"category","embeddable":true,"href":"https:\/\/www.nbamaniacs.com\/de\/wp-json\/wp\/v2\/categories?post=402727"},{"taxonomy":"post_tag","embeddable":true,"href":"https:\/\/www.nbamaniacs.com\/de\/wp-json\/wp\/v2\/tags?post=402727"}],"curies":[{"name":"wp","href":"https:\/\/api.w.org\/{rel}","templated":true}]}}