{"id":403049,"date":"2025-03-27T18:33:19","date_gmt":"2025-03-27T17:33:19","guid":{"rendered":"https:\/\/www.nbamaniacs.com\/de\/nachrichten\/gary-payton-ii-verletzt-playoffs-in-gefahr\/"},"modified":"2025-06-11T11:35:24","modified_gmt":"2025-06-11T09:35:24","slug":"gary-payton-ii-verletzt-playoffs-in-gefahr","status":"publish","type":"post","link":"https:\/\/www.nbamaniacs.com\/de\/nachrichten\/gary-payton-ii-verletzt-playoffs-in-gefahr\/","title":{"rendered":"Gary Payton II verletzt, Playoffs in Gefahr"},"content":{"rendered":"<p>Die Golden State Warriors befinden sich in einem empfindlichen Gleichgewicht, in dem jede Abwesenheit entscheidend sein kann. Die Mannschaft aus San Francisco baut ihre Hoffnungen auf einen Plan, der alles am richtigen Platz braucht. Jede Unterbrechung z\u00e4hlt, besonders wenn es um <a href=\"https:\/\/www.nbamaniacs.com\/de\/nachrichten\/kerr-legt-currys-rueckkehrtermin-fest\/\" target=\"_blank\" rel=\"noreferrer noopener\">Stephen Curry<\/a> geht, wie in der vergangenen Woche zu sehen war. Aber auch der Ausfall von <a href=\"https:\/\/x.com\/ShamsCharania\/status\/1905307669004788089\" target=\"_blank\" rel=\"noreferrer noopener nofollow\">Gary Payton II<\/a> wiegt schwer, denn seine Defense hebt das gesamte Team von Steve Kerr auf ein h\u00f6heres Niveau.<\/p>\n<p>Der Guard, der 2022 eine Meisterschaft mit den Warriors gewann, hat sich ein Band im linken Daumen \u00fcberdehnt. Dieser unbestimmte R\u00fcckschlag gef\u00e4hrdet seine Playoff-Verf\u00fcgbarkeit, die nur noch drei Wochen entfernt liegt. Nach physisch unbest\u00e4ndigen Saisons voller Verletzungen schaffte Payton es, in 58 der 72 Spiele des Teams zu spielen \u2013 sein h\u00f6chster Wert seit jenem Titelgewinn.<\/p>\n<blockquote class=\"twitter-tweet\">\n<p lang=\"es\" dir=\"ltr\">Ein Schlag, der sich mittelfristig st\u00e4rker auswirken wird als er jetzt wehtut.<\/p>\n<p>Payton II kam im M\u00e4rz auf durchschnittlich 21 Minuten und kehrte damit als Schl\u00fcsselelement in Steve Kerrs System zur\u00fcck.<\/p>\n<p>Die Warriors stehen nun ohne ihren besten Mann-gegen-Mann-Verteidiger da, nachdem Jimmy Butler <a href=\"https:\/\/t.co\/0ZjQQkOjyL\" target=\"_blank\" rel=\"nofollow\">https:\/\/t.co\/0ZjQQkOjyL<\/a><\/p>\n<p>&mdash; nbamaniacs (@nbamaniacs) <a href=\"https:\/\/twitter.com\/nbamaniacs\/status\/1905310404009504792?ref_src=twsrc%5Etfw\" target=\"_blank\" rel=\"noopener nofollow\">March 27, 2025<\/a><\/p>\n<\/blockquote>\n<p><script async src=\"https:\/\/platform.twitter.com\/widgets.js\" charset=\"utf-8\"><\/script><\/p>\n<p>Tats\u00e4chlich stand er im M\u00e4rz bei durchschnittlich 21 Minuten Spielzeit mit 11,5 Punkten, 4 Rebounds und 1,3 Steals. Auf den ersten Blick wirkt er wie ein weiterer Rotationsspieler, doch der Sohn des \u201cGlove\u201d ist elementar f\u00fcr Kerr \u2013 wegen seiner Verteidigung am Perimeter und seiner Bewegungen abseits des Balls in der Offensive. Wann er medizinisch erneut untersucht wird, ist noch unklar.<\/p>\n<p><em>(Cover photo by Kelley L Cox-Imagn Images<\/em>)<\/p>\n","protected":false},"excerpt":{"rendered":"<p>Die Golden State Warriors befinden sich in einem empfindlichen Gleichgewicht, in dem jede Abwesenheit entscheidend sein kann. Die Mannschaft aus San Francisco baut ihre Hoffnungen &#8230; <a title=\"Gary Payton II verletzt, Playoffs in Gefahr\" class=\"read-more\" href=\"https:\/\/www.nbamaniacs.com\/de\/nachrichten\/gary-payton-ii-verletzt-playoffs-in-gefahr\/\" aria-label=\"Mehr Informationen \u00fcber Gary Payton II verletzt, Playoffs in Gefahr\">Mehr lesen<\/a><\/p>\n","protected":false},"author":14497,"featured_media":403044,"comment_status":"open","ping_status":"closed","sticky":false,"template":"","format":"standard","meta":{"ub_ctt_via":"","footnotes":""},"categories":[6],"tags":[3384,26],"class_list":["post-403049","post","type-post","status-publish","format-standard","has-post-thumbnail","hentry","category-nachrichten","tag-gary-payton-ii","tag-golden-state-warriors","no-featured-image-padding","resize-featured-image"],"featured_image_src":"https:\/\/www.nbamaniacs.com\/de\/wp-content\/uploads\/2025\/06\/gary-payton-ii-gl-anzt-in-der-nba.jpg","author_info":{"display_name":"Niko Jens Schwann","author_link":"https:\/\/www.nbamaniacs.com\/de\/autor\/niko-jens-schwann\/"},"_links":{"self":[{"href":"https:\/\/www.nbamaniacs.com\/de\/wp-json\/wp\/v2\/posts\/403049","targetHints":{"allow":["GET"]}}],"collection":[{"href":"https:\/\/www.nbamaniacs.com\/de\/wp-json\/wp\/v2\/posts"}],"about":[{"href":"https:\/\/www.nbamaniacs.com\/de\/wp-json\/wp\/v2\/types\/post"}],"author":[{"embeddable":true,"href":"https:\/\/www.nbamaniacs.com\/de\/wp-json\/wp\/v2\/users\/14497"}],"replies":[{"embeddable":true,"href":"https:\/\/www.nbamaniacs.com\/de\/wp-json\/wp\/v2\/comments?post=403049"}],"version-history":[{"count":1,"href":"https:\/\/www.nbamaniacs.com\/de\/wp-json\/wp\/v2\/posts\/403049\/revisions"}],"predecessor-version":[{"id":410221,"href":"https:\/\/www.nbamaniacs.com\/de\/wp-json\/wp\/v2\/posts\/403049\/revisions\/410221"}],"wp:featuredmedia":[{"embeddable":true,"href":"https:\/\/www.nbamaniacs.com\/de\/wp-json\/wp\/v2\/media\/403044"}],"wp:attachment":[{"href":"https:\/\/www.nbamaniacs.com\/de\/wp-json\/wp\/v2\/media?parent=403049"}],"wp:term":[{"taxonomy":"category","embeddable":true,"href":"https:\/\/www.nbamaniacs.com\/de\/wp-json\/wp\/v2\/categories?post=403049"},{"taxonomy":"post_tag","embeddable":true,"href":"https:\/\/www.nbamaniacs.com\/de\/wp-json\/wp\/v2\/tags?post=403049"}],"curies":[{"name":"wp","href":"https:\/\/api.w.org\/{rel}","templated":true}]}}