{"id":403171,"date":"2025-03-17T18:47:27","date_gmt":"2025-03-17T17:47:27","guid":{"rendered":"https:\/\/www.nbamaniacs.com\/de\/nachrichten\/nowitzki-aeussert-sich-zum-doncic-trade\/"},"modified":"2025-06-11T11:37:23","modified_gmt":"2025-06-11T09:37:23","slug":"nowitzki-aeussert-sich-zum-doncic-trade","status":"publish","type":"post","link":"https:\/\/www.nbamaniacs.com\/de\/nachrichten\/nowitzki-aeussert-sich-zum-doncic-trade\/","title":{"rendered":"Nowitzki \u00e4u\u00dfert sich zum Doncic-Trade"},"content":{"rendered":"<p>Alles, was du \u00fcber die Bedingungen von Luka Doncics Trade wissen musst, ist, dass Dirk Nowitzki, die gr\u00f6\u00dfte Legende in der Geschichte der Dallas Mavericks, bei Lukas Deb\u00fct im Lakers-Trikot anwesend war. Bisher hatte sich der Deutsche mit \u00f6ffentlichen Kommentaren zur\u00fcckgehalten. Das \u00e4nderte sich gestern, als er sich f\u00fcr seinen eigenen Campus-Podcast (<a href=\"https:\/\/www.youtube.com\/watch?v=BQdOIcqKxac&amp;ab_channel=41CAMPUS\" target=\"_blank\" rel=\"noreferrer noopener nofollow\">41 Campus<\/a>) vors Mikrofon setzte, um das Thema anzusprechen.<\/p>\n<p>Dirk erfuhr von der Nachricht, w\u00e4hrend er f\u00fcr die Heimreise aus dem Urlaub auf den Malediven packte. \u201eIch war so schockiert, dass ich alles fallenlie\u00df. Wir wollten eigentlich zu Mittag essen, aber ich sagte ab und sa\u00df eine Stunde lang auf einem Stuhl und scrollte\u201c, sagt er. \u201eIch wollte herausfinden, ob es echt war.\u201c Nowitzki hat eine enge Verbindung zu Doncic aus ihrem gemeinsamen Jahr \u2013 Dirks letztes in der NBA, Lukas erstes. Trotzdem brauchte Luka einen Tag, um auf seine Nachrichten zu reagieren.<\/p>\n<figure class=\"wp-block-embed is-type-video is-provider-youtube wp-block-embed-youtube wp-embed-aspect-16-9 wp-has-aspect-ratio\">\n<div class=\"wp-block-embed__wrapper\">\n<iframe title=\"\u201eDie Basketball Welt ist schockiert\u201c - Ein Family Gespr\u00e4ch mit Dirk Nowitzki\" width=\"1200\" height=\"675\" src=\"https:\/\/www.youtube.com\/embed\/BQdOIcqKxac?feature=oembed\" frameborder=\"0\" allow=\"accelerometer; autoplay; clipboard-write; encrypted-media; gyroscope; picture-in-picture; web-share\" referrerpolicy=\"strict-origin-when-cross-origin\" allowfullscreen><\/iframe>\n<\/div>\n<\/figure>\n<p>\u201eAls er schlie\u00dflich antwortete, war ich total angespannt. Er hatte absolut nicht damit gerechnet. [\u2026] Da kam mir die Idee, zu seinem ersten Spiel zu gehen, um ihm zu zeigen, dass unsere Freundschaft \u00fcber allem steht\u201c, erz\u00e4hlt er \u00fcber seine Anwesenheit in der Crypto.com Arena an der Seite von Doncics Vater und Rob Pelinka. \u201eIch werde immer Mavericks-Fan bleiben, aber dieser Trade tut wirklich weh. Es wird Zeit brauchen, das zu verarbeiten und weiterzumachen.\u201c<\/p>\n<h2 class=\"wp-block-heading\">Hinter dem Offensichtlichen<\/h2>\n<p>Gestern meldete sich auch P.J. Washington zu Wort und <a href=\"https:\/\/www.nbamaniacs.com\/de\/nachrichten\/p-j-washington-verlangt-ein-ende-der-anti-harrison-rufe\/\" target=\"_blank\" rel=\"noreferrer noopener\">sprach \u00fcber<\/a> die Sprechch\u00f6re, die Abend f\u00fcr Abend im American Airlines Center Nico Harrisons R\u00fccktritt fordern. Das ist ein deutliches Zeichen daf\u00fcr, dass die Fans in Dallas noch nicht bereit sind, abzuschlie\u00dfen. Die Zuschauerzahlen in der Arena sind gesunken, und <a href=\"https:\/\/x.com\/tim_cato\/status\/1899183753903153537\" target=\"_blank\" rel=\"noreferrer noopener nofollow\">Umfragen zum Interesse am Team<\/a> zeigen denselben Trend.<\/p>\n<p>Zum Schluss blickte der ehemalige Spieler auf die gesch\u00e4ftliche Seite, besonders auf die neuen Besitzverh\u00e4ltnisse und die Rolle von Nico Harrison. Der Deutsche erkl\u00e4rt, dass er sich vor zwei Jahren von der Franchise distanzierte, als die Familie Adelson-Dumont einstieg und Donnie Nelson das Front Office verlie\u00df. In den letzten Wochen wurde bekannt, dass auch einige Leute aus Lukas Umfeld damals gingen. Nowitzki spricht das Offensichtliche aus: \u201eEs geht um seine Vorbereitung, nicht um sein Spiel.\u201c<\/p>\n<p>Mark Cuban hat in den Entscheidungen der Franchise nicht mehr wirklich das Sagen. Er h\u00e4lt jetzt 30%. Nowitzki verteidigt ihn, sagt, er h\u00e4tte Doncic niemals getradet, und r\u00e4umt ein, dass auch f\u00fcr Cuban eine schwere Zeit angebrochen ist.<\/p>\n<p><em>(Cover-Foto von Mark J. Rebilas\u2013Imagn Images)<\/em><\/p>\n","protected":false},"excerpt":{"rendered":"<p>Alles, was du \u00fcber die Bedingungen von Luka Doncics Trade wissen musst, ist, dass Dirk Nowitzki, die gr\u00f6\u00dfte Legende in der Geschichte der Dallas Mavericks, &#8230; <a title=\"Nowitzki \u00e4u\u00dfert sich zum Doncic-Trade\" class=\"read-more\" href=\"https:\/\/www.nbamaniacs.com\/de\/nachrichten\/nowitzki-aeussert-sich-zum-doncic-trade\/\" aria-label=\"Mehr Informationen \u00fcber Nowitzki \u00e4u\u00dfert sich zum Doncic-Trade\">Mehr lesen<\/a><\/p>\n","protected":false},"author":14497,"featured_media":403159,"comment_status":"open","ping_status":"closed","sticky":false,"template":"","format":"standard","meta":{"ub_ctt_via":"","footnotes":""},"categories":[6],"tags":[21,15,10,3561],"class_list":["post-403171","post","type-post","status-publish","format-standard","has-post-thumbnail","hentry","category-nachrichten","tag-dallas-mavericks","tag-dirk-nowitzki","tag-los-angeles-lakers","tag-luka-doncic","no-featured-image-padding","resize-featured-image"],"featured_image_src":"https:\/\/www.nbamaniacs.com\/de\/wp-content\/uploads\/2025\/06\/lebron-f-uhrt-lakers-zum-dominanten-heimerfolg.jpg","author_info":{"display_name":"Niko Jens Schwann","author_link":"https:\/\/www.nbamaniacs.com\/de\/autor\/niko-jens-schwann\/"},"_links":{"self":[{"href":"https:\/\/www.nbamaniacs.com\/de\/wp-json\/wp\/v2\/posts\/403171","targetHints":{"allow":["GET"]}}],"collection":[{"href":"https:\/\/www.nbamaniacs.com\/de\/wp-json\/wp\/v2\/posts"}],"about":[{"href":"https:\/\/www.nbamaniacs.com\/de\/wp-json\/wp\/v2\/types\/post"}],"author":[{"embeddable":true,"href":"https:\/\/www.nbamaniacs.com\/de\/wp-json\/wp\/v2\/users\/14497"}],"replies":[{"embeddable":true,"href":"https:\/\/www.nbamaniacs.com\/de\/wp-json\/wp\/v2\/comments?post=403171"}],"version-history":[{"count":1,"href":"https:\/\/www.nbamaniacs.com\/de\/wp-json\/wp\/v2\/posts\/403171\/revisions"}],"predecessor-version":[{"id":410270,"href":"https:\/\/www.nbamaniacs.com\/de\/wp-json\/wp\/v2\/posts\/403171\/revisions\/410270"}],"wp:featuredmedia":[{"embeddable":true,"href":"https:\/\/www.nbamaniacs.com\/de\/wp-json\/wp\/v2\/media\/403159"}],"wp:attachment":[{"href":"https:\/\/www.nbamaniacs.com\/de\/wp-json\/wp\/v2\/media?parent=403171"}],"wp:term":[{"taxonomy":"category","embeddable":true,"href":"https:\/\/www.nbamaniacs.com\/de\/wp-json\/wp\/v2\/categories?post=403171"},{"taxonomy":"post_tag","embeddable":true,"href":"https:\/\/www.nbamaniacs.com\/de\/wp-json\/wp\/v2\/tags?post=403171"}],"curies":[{"name":"wp","href":"https:\/\/api.w.org\/{rel}","templated":true}]}}