{"id":403188,"date":"2025-03-15T07:52:10","date_gmt":"2025-03-15T06:52:10","guid":{"rendered":"https:\/\/www.nbamaniacs.com\/de\/nachrichten\/dallas-verliert-auch-dante-exum\/"},"modified":"2025-03-15T07:52:10","modified_gmt":"2025-03-15T06:52:10","slug":"dallas-verliert-auch-dante-exum","status":"publish","type":"post","link":"https:\/\/www.nbamaniacs.com\/de\/nachrichten\/dallas-verliert-auch-dante-exum\/","title":{"rendered":"Dallas verliert auch Dante Exum"},"content":{"rendered":"<p>Die Mavericks zerfallen St\u00fcck f\u00fcr St\u00fcck. Pech als Ausrede macht kaum noch Sinn, w\u00e4hrend sie beinahe t\u00e4glich Spieler verlieren. Das neueste Opfer? Dante Exum.<\/p>\n<p>Laut Shams Charania von <em>ESPN<\/em> erlitt der Guard einen Bruch der linken Hand w\u00e4hrend der 133:96-Niederlage seines Teams gegen die Houston Rockets. Ein Zeitplan f\u00fcr seine R\u00fcckkehr steht nicht fest, und er ist bereits auf unbestimmte Zeit raus.<\/p>\n<p>Diese Verletzung scheint die ohnehin schon albtraumhafte Saison f\u00fcr den 29-J\u00e4hrigen zu beenden. Er bestritt bisher nur 18 Spiele, nachdem er sich im Trainingslager eine Handgelenksverletzung zugezogen und sich daf\u00fcr einer Operation unterzogen hatte.<\/p>\n<p>\u201eDas war eine harte Saison f\u00fcr ihn. Es tut mir so leid, weil er wirklich hart daf\u00fcr gearbeitet hat, zur\u00fcckzukommen. Jetzt ist es umso bedauerlicher\u201c, sagte Dallas Head Coach Jason Kidd \u00fcber einen Spieler, der zudem f\u00fcr die n\u00e4chste Saison keinen Vertrag hat.<\/p>\n<p>Hier ist die Verletztenliste der Mavs: Point Guard Kyrie Irving (Knie) und Forward Olivier-Maxence Prosper (Handgelenk) fallen f\u00fcr den Rest der Saison aus. Es gibt keinen genauen Zeitplan f\u00fcr die R\u00fcckkehr von Power Forward Anthony Davis (Leiste), Center Dereck Lively II (Kn\u00f6chel) und Center Daniel Gafford (Knie). Allerdings haben Davis und Lively zuletzt ihr Pensum im Training erh\u00f6ht.<\/p>\n<p><em>(Photo by Daniel Dunn-Imagn Images)<\/em><\/p>\n","protected":false},"excerpt":{"rendered":"<p>Die Mavericks zerfallen St\u00fcck f\u00fcr St\u00fcck. Pech als Ausrede macht kaum noch Sinn, w\u00e4hrend sie beinahe t\u00e4glich Spieler verlieren. Das neueste Opfer? Dante Exum. Laut &#8230; <a title=\"Dallas verliert auch Dante Exum\" class=\"read-more\" href=\"https:\/\/www.nbamaniacs.com\/de\/nachrichten\/dallas-verliert-auch-dante-exum\/\" aria-label=\"Mehr Informationen \u00fcber Dallas verliert auch Dante Exum\">Mehr lesen<\/a><\/p>\n","protected":false},"author":14497,"featured_media":403180,"comment_status":"open","ping_status":"closed","sticky":false,"template":"","format":"standard","meta":{"ub_ctt_via":"","footnotes":""},"categories":[6],"tags":[21,2069],"class_list":["post-403188","post","type-post","status-publish","format-standard","has-post-thumbnail","hentry","category-nachrichten","tag-dallas-mavericks","tag-dante-exum","no-featured-image-padding","resize-featured-image"],"featured_image_src":"https:\/\/www.nbamaniacs.com\/de\/wp-content\/uploads\/2025\/06\/exum-spielt-am-samstag-den-15.jpg","author_info":{"display_name":"Niko Jens Schwann","author_link":"https:\/\/www.nbamaniacs.com\/de\/autor\/niko-jens-schwann\/"},"_links":{"self":[{"href":"https:\/\/www.nbamaniacs.com\/de\/wp-json\/wp\/v2\/posts\/403188","targetHints":{"allow":["GET"]}}],"collection":[{"href":"https:\/\/www.nbamaniacs.com\/de\/wp-json\/wp\/v2\/posts"}],"about":[{"href":"https:\/\/www.nbamaniacs.com\/de\/wp-json\/wp\/v2\/types\/post"}],"author":[{"embeddable":true,"href":"https:\/\/www.nbamaniacs.com\/de\/wp-json\/wp\/v2\/users\/14497"}],"replies":[{"embeddable":true,"href":"https:\/\/www.nbamaniacs.com\/de\/wp-json\/wp\/v2\/comments?post=403188"}],"version-history":[{"count":0,"href":"https:\/\/www.nbamaniacs.com\/de\/wp-json\/wp\/v2\/posts\/403188\/revisions"}],"wp:featuredmedia":[{"embeddable":true,"href":"https:\/\/www.nbamaniacs.com\/de\/wp-json\/wp\/v2\/media\/403180"}],"wp:attachment":[{"href":"https:\/\/www.nbamaniacs.com\/de\/wp-json\/wp\/v2\/media?parent=403188"}],"wp:term":[{"taxonomy":"category","embeddable":true,"href":"https:\/\/www.nbamaniacs.com\/de\/wp-json\/wp\/v2\/categories?post=403188"},{"taxonomy":"post_tag","embeddable":true,"href":"https:\/\/www.nbamaniacs.com\/de\/wp-json\/wp\/v2\/tags?post=403188"}],"curies":[{"name":"wp","href":"https:\/\/api.w.org\/{rel}","templated":true}]}}