{"id":403193,"date":"2025-03-16T08:00:00","date_gmt":"2025-03-16T07:00:00","guid":{"rendered":"https:\/\/www.nbamaniacs.com\/de\/nachrichten\/kristaps-porzingis-kehrt-aufs-parkett-zurueck\/"},"modified":"2025-06-11T11:37:40","modified_gmt":"2025-06-11T09:37:40","slug":"kristaps-porzingis-kehrt-aufs-parkett-zurueck","status":"publish","type":"post","link":"https:\/\/www.nbamaniacs.com\/de\/nachrichten\/kristaps-porzingis-kehrt-aufs-parkett-zurueck\/","title":{"rendered":"Kristaps Porzingis kehrt aufs Parkett zur\u00fcck"},"content":{"rendered":"<p>Endlich. Nach mehreren Wochen Pause wegen einer Virusinfektion kehrte Kristaps Porzingis gestern Abend zur\u00fcck und steuerte 24 Punkte in 32 Minuten zum 115:113-Sieg der Boston Celtics \u00fcber die Brooklyn Nets bei. Der lettische Big Man, der bis zu acht Spiele verpasst hatte, sprach \u00fcber die schwierige Zeit, die er durchgemacht hat.<\/p>\n<p>\u201eEs war extrem frustrierend, nicht zu wissen, was ich hatte. Ich war wahrscheinlich noch nie in meinem Leben so krank, also habe ich eine Woche zu Hause verbracht und versucht, mich zu erholen. Dann hatte ich anhaltende Ersch\u00f6pfung \u2013 die sp\u00fcre ich immer noch ein wenig \u2013, aber immerhin komme ich wieder in Form, damit ich spielen kann\u201c, sagte er und betonte, wie er sich f\u00fchlte, als er sich das Virus eingefangen hatte.<\/p>\n<p>\u201eNach jedem Training \u2026 bam! Ein Einbruch. Ich war wirklich, wirklich m\u00fcde. Das war nicht normal. Also \u2026 ja, jetzt dauert es etwas l\u00e4nger als sonst, aber ich tue alles, um in Fahrt zu kommen und meine Bestform zu erreichen\u201c, f\u00fcgte er hinzu.<\/p>\n<p>Porzingis hatte seit dem 26. Februar gegen die Detroit Pistons nicht mehr gespielt und war gezwungen,<br \/>\n<a href=\"https:\/\/www.nbamaniacs.com\/de\/nachrichten\/kristaps-porzingis-ringt-mit-seltener-krankheit\/\">a statement on social media explaining what was going on<\/a> abzugeben, als die Spekulationen zunahmen. \u201eIch habe viele Fragen bekommen. Ich habe es in den sozialen Medien gesehen, und es war klar, dass die Leute wissen wollten, was los war. Sie h\u00f6rten nur, dass ich wegen einer Krankheit ausfalle \u2026 \u201aKomm schon, der kann nicht spielen, nur weil er krank ist?\u2018 Selbst ich w\u00fcrde das denken\u201c, bemerkte er.<\/p>\n<h2 class=\"wp-block-heading\">One month until the playoffs<\/h2>\n<p>Der Zeitpunkt von Porzingis\u2019 R\u00fcckkehr ist ausgezeichnet. Boston steht nicht wirklich unter Druck in der Tabelle, also muss er nicht zu hart pushen. Au\u00dferdem hat er mit noch einem Monat bis zu den Playoffs gen\u00fcgend Zeit, um topfit in den entscheidenden Saisonabschnitt zu gehen. Die Celtics sind ohne den lettischen Star schon ein sehr gutes Team, aber mit ihm sind sie einfach spektakul\u00e4r.<\/p>\n<p><em>(Photo by John Jones-Imagn Images)<\/em><\/p>\n","protected":false},"excerpt":{"rendered":"<p>Endlich. Nach mehreren Wochen Pause wegen einer Virusinfektion kehrte Kristaps Porzingis gestern Abend zur\u00fcck und steuerte 24 Punkte in 32 Minuten zum 115:113-Sieg der Boston &#8230; <a title=\"Kristaps Porzingis kehrt aufs Parkett zur\u00fcck\" class=\"read-more\" href=\"https:\/\/www.nbamaniacs.com\/de\/nachrichten\/kristaps-porzingis-kehrt-aufs-parkett-zurueck\/\" aria-label=\"Mehr Informationen \u00fcber Kristaps Porzingis kehrt aufs Parkett zur\u00fcck\">Mehr lesen<\/a><\/p>\n","protected":false},"author":14497,"featured_media":403178,"comment_status":"open","ping_status":"closed","sticky":false,"template":"","format":"standard","meta":{"ub_ctt_via":"","footnotes":""},"categories":[6],"tags":[19,2720],"class_list":["post-403193","post","type-post","status-publish","format-standard","has-post-thumbnail","hentry","category-nachrichten","tag-boston-celtics","tag-kristaps-porzingis","no-featured-image-padding","resize-featured-image"],"featured_image_src":"https:\/\/www.nbamaniacs.com\/de\/wp-content\/uploads\/2025\/06\/porzingis-dominiert-mit-16-punkten.jpg","author_info":{"display_name":"Niko Jens Schwann","author_link":"https:\/\/www.nbamaniacs.com\/de\/autor\/niko-jens-schwann\/"},"_links":{"self":[{"href":"https:\/\/www.nbamaniacs.com\/de\/wp-json\/wp\/v2\/posts\/403193","targetHints":{"allow":["GET"]}}],"collection":[{"href":"https:\/\/www.nbamaniacs.com\/de\/wp-json\/wp\/v2\/posts"}],"about":[{"href":"https:\/\/www.nbamaniacs.com\/de\/wp-json\/wp\/v2\/types\/post"}],"author":[{"embeddable":true,"href":"https:\/\/www.nbamaniacs.com\/de\/wp-json\/wp\/v2\/users\/14497"}],"replies":[{"embeddable":true,"href":"https:\/\/www.nbamaniacs.com\/de\/wp-json\/wp\/v2\/comments?post=403193"}],"version-history":[{"count":1,"href":"https:\/\/www.nbamaniacs.com\/de\/wp-json\/wp\/v2\/posts\/403193\/revisions"}],"predecessor-version":[{"id":410277,"href":"https:\/\/www.nbamaniacs.com\/de\/wp-json\/wp\/v2\/posts\/403193\/revisions\/410277"}],"wp:featuredmedia":[{"embeddable":true,"href":"https:\/\/www.nbamaniacs.com\/de\/wp-json\/wp\/v2\/media\/403178"}],"wp:attachment":[{"href":"https:\/\/www.nbamaniacs.com\/de\/wp-json\/wp\/v2\/media?parent=403193"}],"wp:term":[{"taxonomy":"category","embeddable":true,"href":"https:\/\/www.nbamaniacs.com\/de\/wp-json\/wp\/v2\/categories?post=403193"},{"taxonomy":"post_tag","embeddable":true,"href":"https:\/\/www.nbamaniacs.com\/de\/wp-json\/wp\/v2\/tags?post=403193"}],"curies":[{"name":"wp","href":"https:\/\/api.w.org\/{rel}","templated":true}]}}