{"id":403230,"date":"2025-03-11T11:06:10","date_gmt":"2025-03-11T10:06:10","guid":{"rendered":"https:\/\/www.nbamaniacs.com\/de\/nachrichten\/kristaps-porzingis-ringt-mit-seltener-krankheit\/"},"modified":"2025-03-11T11:06:10","modified_gmt":"2025-03-11T10:06:10","slug":"kristaps-porzingis-ringt-mit-seltener-krankheit","status":"publish","type":"post","link":"https:\/\/www.nbamaniacs.com\/de\/nachrichten\/kristaps-porzingis-ringt-mit-seltener-krankheit\/","title":{"rendered":"Kristaps Porzingis ringt mit seltener Krankheit"},"content":{"rendered":"<p>Kristaps Porzingis hat seit dem 27. Februar nicht mehr gespielt, und jetzt ist der genaue Grund klar. Der Center der Boston Celtics, der immer wieder Verletzungspech hat und seit jenem Tag gegen die Detroit Pistons als questionable gelistet war, \u00e4u\u00dferte sich in den sozialen Medien zu einer weiterhin unbekannten viralen Erkrankung. Hier ist, was er zu sagen hatte:<\/p>\n<p>&#8222;Ich habe mit einer viralen Erkrankung zu k\u00e4mpfen, die wir noch nicht vollst\u00e4ndig identifizieren konnten. Ich erhole mich und f\u00fchle mich jeden Tag besser, aber ich arbeite immer noch daran, meine Kraft zur\u00fcckzugewinnen und diesem Team zu helfen. Danke f\u00fcr die Unterst\u00fctzung, und ich hoffe, bald wieder gesund zur\u00fcck zu sein&#8220;, sagte er.<\/p>\n<figure class=\"wp-block-embed is-type-video is-provider-youtube wp-block-embed-youtube wp-embed-aspect-16-9 wp-has-aspect-ratio\">\n<div class=\"wp-block-embed__wrapper\">\n<iframe title=\"Celtics reveal how many unread texts they have \ud83d\ude02 | What&#039;s the Word?\" width=\"1200\" height=\"675\" src=\"https:\/\/www.youtube.com\/embed\/J6L5jRpOTRQ?feature=oembed\" frameborder=\"0\" allow=\"accelerometer; autoplay; clipboard-write; encrypted-media; gyroscope; picture-in-picture; web-share\" referrerpolicy=\"strict-origin-when-cross-origin\" allowfullscreen><\/iframe>\n<\/div>\n<\/figure>\n<p>Stimmt \u2013 das l\u00f6st das R\u00e4tsel nur teilweise. Ihn tagelang als game time decision zu sehen, war \u00fcberraschend, und die Rede von einem unbekannten Virus schafft kaum Klarheit. Offenbar ist es nicht dramatisch, da er sagt, es gehe ihm besser. Doch die Tatsache, dass seine Erkrankung noch nicht vollst\u00e4ndig diagnostiziert ist, klingt nicht gerade beruhigend&#8230;<\/p>\n<p>Der lettische Center, der bislang nur in 32 Regular-Season-Spielen aufgelaufen ist und dabei 18,9 Punkte und 6,8 Rebounds im Schnitt erzielt, scheint f\u00fcr einen tiefen Postseason-Run der Celtics unverzichtbar. F\u00fcr Boston dreht sich alles um den n\u00e4chsten Titelgewinn.<\/p>\n<p><em>(Photo by Bill Streicher-Imagn Images)<\/em><\/p>\n","protected":false},"excerpt":{"rendered":"<p>Kristaps Porzingis hat seit dem 27. Februar nicht mehr gespielt, und jetzt ist der genaue Grund klar. Der Center der Boston Celtics, der immer wieder &#8230; <a title=\"Kristaps Porzingis ringt mit seltener Krankheit\" class=\"read-more\" href=\"https:\/\/www.nbamaniacs.com\/de\/nachrichten\/kristaps-porzingis-ringt-mit-seltener-krankheit\/\" aria-label=\"Mehr Informationen \u00fcber Kristaps Porzingis ringt mit seltener Krankheit\">Mehr lesen<\/a><\/p>\n","protected":false},"author":14497,"featured_media":403217,"comment_status":"open","ping_status":"closed","sticky":false,"template":"","format":"standard","meta":{"ub_ctt_via":"","footnotes":""},"categories":[6],"tags":[19,2720],"class_list":["post-403230","post","type-post","status-publish","format-standard","has-post-thumbnail","hentry","category-nachrichten","tag-boston-celtics","tag-kristaps-porzingis","no-featured-image-padding","resize-featured-image"],"featured_image_src":"https:\/\/www.nbamaniacs.com\/de\/wp-content\/uploads\/2025\/06\/porzingis-dominiert-am-11-m-arz.jpg","author_info":{"display_name":"Niko Jens Schwann","author_link":"https:\/\/www.nbamaniacs.com\/de\/autor\/niko-jens-schwann\/"},"_links":{"self":[{"href":"https:\/\/www.nbamaniacs.com\/de\/wp-json\/wp\/v2\/posts\/403230","targetHints":{"allow":["GET"]}}],"collection":[{"href":"https:\/\/www.nbamaniacs.com\/de\/wp-json\/wp\/v2\/posts"}],"about":[{"href":"https:\/\/www.nbamaniacs.com\/de\/wp-json\/wp\/v2\/types\/post"}],"author":[{"embeddable":true,"href":"https:\/\/www.nbamaniacs.com\/de\/wp-json\/wp\/v2\/users\/14497"}],"replies":[{"embeddable":true,"href":"https:\/\/www.nbamaniacs.com\/de\/wp-json\/wp\/v2\/comments?post=403230"}],"version-history":[{"count":0,"href":"https:\/\/www.nbamaniacs.com\/de\/wp-json\/wp\/v2\/posts\/403230\/revisions"}],"wp:featuredmedia":[{"embeddable":true,"href":"https:\/\/www.nbamaniacs.com\/de\/wp-json\/wp\/v2\/media\/403217"}],"wp:attachment":[{"href":"https:\/\/www.nbamaniacs.com\/de\/wp-json\/wp\/v2\/media?parent=403230"}],"wp:term":[{"taxonomy":"category","embeddable":true,"href":"https:\/\/www.nbamaniacs.com\/de\/wp-json\/wp\/v2\/categories?post=403230"},{"taxonomy":"post_tag","embeddable":true,"href":"https:\/\/www.nbamaniacs.com\/de\/wp-json\/wp\/v2\/tags?post=403230"}],"curies":[{"name":"wp","href":"https:\/\/api.w.org\/{rel}","templated":true}]}}