{"id":403336,"date":"2025-02-27T20:30:00","date_gmt":"2025-02-27T19:30:00","guid":{"rendered":"https:\/\/www.nbamaniacs.com\/de\/nachrichten\/eric-gordon-fehlt-ebenfalls-drei-monate\/"},"modified":"2025-06-11T11:40:45","modified_gmt":"2025-06-11T09:40:45","slug":"eric-gordon-fehlt-ebenfalls-drei-monate","status":"publish","type":"post","link":"https:\/\/www.nbamaniacs.com\/de\/nachrichten\/eric-gordon-fehlt-ebenfalls-drei-monate\/","title":{"rendered":"Eric Gordon fehlt ebenfalls drei Monate"},"content":{"rendered":"<p>Wenn es in Philadelphia regnet, dann gleich in Str\u00f6men. Und ich bin mir nicht einmal sicher, ob das zum ersten Mal der Auftakt f\u00fcr einen Sixers-Artikel ist. Nachdem das Team die ganze Saison \u00fcber mit Verletzungen zu k\u00e4mpfen hatte und sich herausstellte, dass Joel Embiid vermutlich operiert werden muss, <a href=\"https:\/\/x.com\/sixers\/status\/1895142120870035767\" target=\"_blank\" rel=\"noreferrer noopener nofollow\">wird nun auch Eric Gordon mindestens drei Monate fehlen<\/a>.<\/p>\n<p>Der Shooting Guard musste sich einer Operation am Handgelenk unterziehen, genauer gesagt einer Arthroskopie, die seine Saison nahezu sicher beendet. Gordon hatte bereits die letzten sechs Spiele verpasst und war unsicher, ob er diesen Eingriff vornehmen lassen sollte.<\/p>\n<blockquote class=\"twitter-tweet\">\n<p lang=\"en\" dir=\"ltr\">Eric Gordon hat sich gestern erfolgreich einer arthroskopischen Operation an seinem rechten Handgelenk unterzogen. <\/p>\n<p>Er wird in etwa drei Monaten erneut untersucht und wir werden seinen Status zu gegebener Zeit aktualisieren.<\/p>\n<p>&mdash; Philadelphia 76ers (@sixers) <a href=\"https:\/\/twitter.com\/sixers\/status\/1895142120870035767?ref_src=twsrc%5Etfw\" target=\"_blank\" rel=\"noopener nofollow\">February 27, 2025<\/a><\/p>\n<\/blockquote>\n<p> <script async src=\"https:\/\/platform.twitter.com\/widgets.js\" charset=\"utf-8\"><\/script><\/p>\n<h2 class=\"wp-block-heading\">Ist Eric Gordons Verletzung wichtig f\u00fcr Phillys Saison?<\/h2>\n<p>Genau deshalb ist diese Entscheidung wichtiger, als es vielleicht aussieht. Es k\u00f6nnte bedeuten, dass die Sixers nun bewusst Niederlagen sammeln wollen, um den Erstrunden-<em>pick<\/em> nicht an Oklahoma abgeben zu m\u00fcssen, sollte er nicht in den Top 6 landen.<\/p>\n<p>Wegen der st\u00e4ndigen Ausf\u00e4lle erwies sich Gordon als bedeutender als erwartet. In seinen letzten 19 Spielen kam er im Schnitt auf 23 Minuten Einsatzzeit. Mit anderen Worten, er ist in dieser Lage ein wertvoller Bestandteil der Rotation. In diesem Zeitraum erzielte er 9 Punkte und 2,1 Assists, w\u00e4hrend er starke 49% von der Dreierlinie traf.<\/p>\n<figure class=\"wp-block-embed is-type-wp-embed is-provider-nbamaniacs wp-block-embed-nbamaniacs\">\n<div class=\"wp-block-embed__wrapper\">\n<blockquote class=\"wp-embedded-content\" data-secret=\"9aWHPCW7wP\">\n<p><a href=\"https:\/\/www.nbamaniacs.com\/de\/nachrichten\/clippers-star-paul-george-stoppt-podcast-und-rettet-saison\/\">Paul George stops his podcast to save the season<\/a><\/p>\n<\/blockquote>\n<p><iframe class=\"wp-embedded-content\" sandbox=\"allow-scripts\" security=\"restricted\" style=\"position: absolute; visibility: hidden;\" title=\"\u00abPaul George suspende su podcast para salvar la temporada\u00bb \u2014 NBAManiacs\" src=\"https:\/\/www.nbamaniacs.com\/de\/nachrichten\/clippers-star-paul-george-stoppt-podcast-und-rettet-saison\/embed\/#?secret=qf6WUWzK4O#?secret=9aWHPCW7wP\" data-secret=\"9aWHPCW7wP\" width=\"600\" height=\"338\" frameborder=\"0\" marginwidth=\"0\" marginheight=\"0\" scrolling=\"no\"><\/iframe>\n<\/div>\n<\/figure>\n<p>Das steht im Kontrast zu <a href=\"https:\/\/www.nbamaniacs.com\/de\/nachrichten\/clippers-star-paul-george-stoppt-podcast-und-rettet-saison\/\" target=\"_blank\" rel=\"noreferrer noopener\">der Entscheidung<\/a> von Paul George, seinen Podcast auf Eis zu legen und sich auf die Saison zu konzentrieren. Wahrscheinlich ist das mehr eine Geste f\u00fcr die Zuschauer als ein echter Verzicht auf Zeit und Konzentration, die sonst in Aufnahmen flie\u00dfen w\u00fcrden.<\/p>\n<p>Trotzdem, ob man nun zur Losserei aufgerufen hat oder nicht, Philadelphia braucht eigentlich keine Ausrede, um Spiel f\u00fcr Spiel zu verlieren.<\/p>\n<p>(Cover photo by <\/p>\n","protected":false},"excerpt":{"rendered":"<p>Wenn es in Philadelphia regnet, dann gleich in Str\u00f6men. Und ich bin mir nicht einmal sicher, ob das zum ersten Mal der Auftakt f\u00fcr einen &#8230; <a title=\"Eric Gordon fehlt ebenfalls drei Monate\" class=\"read-more\" href=\"https:\/\/www.nbamaniacs.com\/de\/nachrichten\/eric-gordon-fehlt-ebenfalls-drei-monate\/\" aria-label=\"Mehr Informationen \u00fcber Eric Gordon fehlt ebenfalls drei Monate\">Mehr lesen<\/a><\/p>\n","protected":false},"author":14497,"featured_media":403326,"comment_status":"open","ping_status":"closed","sticky":false,"template":"","format":"standard","meta":{"ub_ctt_via":"","footnotes":""},"categories":[6],"tags":[526,3915],"class_list":["post-403336","post","type-post","status-publish","format-standard","has-post-thumbnail","hentry","category-nachrichten","tag-eric-gordon","tag-sixers","no-featured-image-padding","resize-featured-image"],"featured_image_src":"https:\/\/www.nbamaniacs.com\/de\/wp-content\/uploads\/2025\/06\/keine-schlagzeile-angegeben.jpg","author_info":{"display_name":"Niko Jens Schwann","author_link":"https:\/\/www.nbamaniacs.com\/de\/autor\/niko-jens-schwann\/"},"_links":{"self":[{"href":"https:\/\/www.nbamaniacs.com\/de\/wp-json\/wp\/v2\/posts\/403336","targetHints":{"allow":["GET"]}}],"collection":[{"href":"https:\/\/www.nbamaniacs.com\/de\/wp-json\/wp\/v2\/posts"}],"about":[{"href":"https:\/\/www.nbamaniacs.com\/de\/wp-json\/wp\/v2\/types\/post"}],"author":[{"embeddable":true,"href":"https:\/\/www.nbamaniacs.com\/de\/wp-json\/wp\/v2\/users\/14497"}],"replies":[{"embeddable":true,"href":"https:\/\/www.nbamaniacs.com\/de\/wp-json\/wp\/v2\/comments?post=403336"}],"version-history":[{"count":1,"href":"https:\/\/www.nbamaniacs.com\/de\/wp-json\/wp\/v2\/posts\/403336\/revisions"}],"predecessor-version":[{"id":410352,"href":"https:\/\/www.nbamaniacs.com\/de\/wp-json\/wp\/v2\/posts\/403336\/revisions\/410352"}],"wp:featuredmedia":[{"embeddable":true,"href":"https:\/\/www.nbamaniacs.com\/de\/wp-json\/wp\/v2\/media\/403326"}],"wp:attachment":[{"href":"https:\/\/www.nbamaniacs.com\/de\/wp-json\/wp\/v2\/media?parent=403336"}],"wp:term":[{"taxonomy":"category","embeddable":true,"href":"https:\/\/www.nbamaniacs.com\/de\/wp-json\/wp\/v2\/categories?post=403336"},{"taxonomy":"post_tag","embeddable":true,"href":"https:\/\/www.nbamaniacs.com\/de\/wp-json\/wp\/v2\/tags?post=403336"}],"curies":[{"name":"wp","href":"https:\/\/api.w.org\/{rel}","templated":true}]}}