{"id":403375,"date":"2025-02-23T08:05:22","date_gmt":"2025-02-23T07:05:22","guid":{"rendered":"https:\/\/www.nbamaniacs.com\/de\/nachrichten\/nowitzki-klagt-doncic-trade-enttaeuscht-macht-traurig\/"},"modified":"2025-02-23T08:05:22","modified_gmt":"2025-02-23T07:05:22","slug":"nowitzki-klagt-doncic-trade-enttaeuscht-macht-traurig","status":"publish","type":"post","link":"https:\/\/www.nbamaniacs.com\/de\/nachrichten\/nowitzki-klagt-doncic-trade-enttaeuscht-macht-traurig\/","title":{"rendered":"Nowitzki klagt: Doncic-Trade entt\u00e4uscht, macht traurig"},"content":{"rendered":"<p>Die ehemalige Legende der Dallas Mavericks und Mitglied der Basketball <em>Hall of Fame<\/em>, Dirk Nowitzki, \u00e4u\u00dferte sich k\u00fcrzlich zu Luka Doncics bemerkenswertem Trade zu den Lakers.<\/p>\n<p>Nowitzki gab zu, dass er sich \u201e\u00fcberrascht\u201c und \u201eentt\u00e4uscht\u201c f\u00fchlte angesichts des Moves, den General Manager Nico Harrison im Tausch gegen Anthony Davis und Max Christie einf\u00e4delte.<\/p>\n<p>\u201eIch glaube, es hat mich genauso schockiert wie alle anderen\u2026 Ich konnte es wirklich nicht glauben\u201c, sagte Nowitzki dem Radiosender <em>96.7 The Ticket in Dallas<\/em>.<\/p>\n<p>\u201eNat\u00fcrlich war ich entt\u00e4uscht und gleichzeitig traurig f\u00fcr ihn. Ich hab&#8217;s nicht kommen sehen, wei\u00dft du? Er hat mich zu seinem ersten Spiel in Los Angeles eingeladen, und ich musste einfach hin, um ihn zu unterst\u00fctzen\u201c, gab er zu.<\/p>\n<p>Nowitzki, 46, verbrachte seine ganze NBA-Karriere im Trikot der Mavericks, von seiner Ankunft 1998 bis zu seinem R\u00fccktritt 2020.<\/p>\n<p>Er wurde 2011 NBA-Champion und MVP dieser Finals. Insgesamt kam er auf Karrierewerte von 20,7 Punkten, 7,5 Rebounds und 2,4 Assists in 1.522 offiziellen Spielen.<\/p>\n<p><em>(Titelbild: Imagn Images)<\/em><\/p>\n","protected":false},"excerpt":{"rendered":"<p>Die ehemalige Legende der Dallas Mavericks und Mitglied der Basketball Hall of Fame, Dirk Nowitzki, \u00e4u\u00dferte sich k\u00fcrzlich zu Luka Doncics bemerkenswertem Trade zu den &#8230; <a title=\"Nowitzki klagt: Doncic-Trade entt\u00e4uscht, macht traurig\" class=\"read-more\" href=\"https:\/\/www.nbamaniacs.com\/de\/nachrichten\/nowitzki-klagt-doncic-trade-enttaeuscht-macht-traurig\/\" aria-label=\"Mehr Informationen \u00fcber Nowitzki klagt: Doncic-Trade entt\u00e4uscht, macht traurig\">Mehr lesen<\/a><\/p>\n","protected":false},"author":14497,"featured_media":403369,"comment_status":"open","ping_status":"closed","sticky":false,"template":"","format":"standard","meta":{"ub_ctt_via":"","footnotes":""},"categories":[6],"tags":[21,15],"class_list":["post-403375","post","type-post","status-publish","format-standard","has-post-thumbnail","hentry","category-nachrichten","tag-dallas-mavericks","tag-dirk-nowitzki","no-featured-image-padding","resize-featured-image"],"featured_image_src":"https:\/\/www.nbamaniacs.com\/de\/wp-content\/uploads\/2025\/06\/star-forward-f-uhrt-team-zum-dominanten-sieg.jpg","author_info":{"display_name":"Niko Jens Schwann","author_link":"https:\/\/www.nbamaniacs.com\/de\/autor\/niko-jens-schwann\/"},"_links":{"self":[{"href":"https:\/\/www.nbamaniacs.com\/de\/wp-json\/wp\/v2\/posts\/403375","targetHints":{"allow":["GET"]}}],"collection":[{"href":"https:\/\/www.nbamaniacs.com\/de\/wp-json\/wp\/v2\/posts"}],"about":[{"href":"https:\/\/www.nbamaniacs.com\/de\/wp-json\/wp\/v2\/types\/post"}],"author":[{"embeddable":true,"href":"https:\/\/www.nbamaniacs.com\/de\/wp-json\/wp\/v2\/users\/14497"}],"replies":[{"embeddable":true,"href":"https:\/\/www.nbamaniacs.com\/de\/wp-json\/wp\/v2\/comments?post=403375"}],"version-history":[{"count":0,"href":"https:\/\/www.nbamaniacs.com\/de\/wp-json\/wp\/v2\/posts\/403375\/revisions"}],"wp:featuredmedia":[{"embeddable":true,"href":"https:\/\/www.nbamaniacs.com\/de\/wp-json\/wp\/v2\/media\/403369"}],"wp:attachment":[{"href":"https:\/\/www.nbamaniacs.com\/de\/wp-json\/wp\/v2\/media?parent=403375"}],"wp:term":[{"taxonomy":"category","embeddable":true,"href":"https:\/\/www.nbamaniacs.com\/de\/wp-json\/wp\/v2\/categories?post=403375"},{"taxonomy":"post_tag","embeddable":true,"href":"https:\/\/www.nbamaniacs.com\/de\/wp-json\/wp\/v2\/tags?post=403375"}],"curies":[{"name":"wp","href":"https:\/\/api.w.org\/{rel}","templated":true}]}}