{"id":403399,"date":"2025-02-19T13:21:34","date_gmt":"2025-02-19T12:21:34","guid":{"rendered":"https:\/\/www.nbamaniacs.com\/de\/nachrichten\/luka-doncic-erlangt-voellige-freiheit\/"},"modified":"2025-06-11T11:41:54","modified_gmt":"2025-06-11T09:41:54","slug":"luka-doncic-erlangt-voellige-freiheit","status":"publish","type":"post","link":"https:\/\/www.nbamaniacs.com\/de\/nachrichten\/luka-doncic-erlangt-voellige-freiheit\/","title":{"rendered":"Luka Doncic erlangt v\u00f6llige Freiheit"},"content":{"rendered":"<p>Die NBA ist zur\u00fcck. Die Lakers sind zur\u00fcck (heute das einzige Spiel). <a href=\"https:\/\/www.nbamaniacs.com\/de\/nachrichten\/mark-williams-zurueck-bei-den-hornets-duell-mit-lakers\/\">&#8216;Mark Williams kehrt zur\u00fcck&#8217;<\/a>. Und Luka Doncic ist ebenfalls zur\u00fcck, ohne Einschr\u00e4nkungen oder Bedingungen.<\/p>\n<div class=\"wp-block-columns alignwide is-layout-flex wp-container-core-columns-is-layout-9d6595d7 wp-block-columns-is-layout-flex\">\n<div class=\"wp-block-column is-layout-flow wp-block-column-is-layout-flow\" style=\"flex-basis:100%\">\n<blockquote class=\"twitter-tweet\">\n<p lang=\"es\" dir=\"ltr\">Kawhi Leonard&#39;s reaction when he saw that Mark Williams will play against his former team tonight.<a href=\"https:\/\/twitter.com\/hashtag\/HornetsLakers?src=hash&amp;ref_src=twsrc%5Etfw\" target=\"_blank\" rel=\"noopener nofollow\">#HornetsLakers<\/a> <a href=\"https:\/\/t.co\/1O6lKzRaEO\" target=\"_blank\" rel=\"nofollow\">pic.twitter.com\/1O6lKzRaEO<\/a><\/p>\n<p>&mdash; nbamaniacs (@nbamaniacs) <a href=\"https:\/\/twitter.com\/nbamaniacs\/status\/1892150636302499890?ref_src=twsrc%5Etfw\" target=\"_blank\" rel=\"noopener nofollow\">February 19, 2025<\/a><\/p>\n<\/blockquote>\n<p> <script async src=\"https:\/\/platform.twitter.com\/widgets.js\" charset=\"utf-8\"><\/script>\n<\/div>\n<\/div>\n<p>Kaum jemand hat von dieser kurzen Pause mehr profitiert als der slowenische Point Guard. Nachdem er von einer einmonatigen Verletzung zur\u00fcckgekehrt war und in neuem Team und Trikot deb\u00fctierte, bestritt Doncic seine ersten beiden Spiele als Laker gegen die Utah Jazz und kam dabei auf eine 1\u20131-Bilanz.<\/p>\n<p>J.J. Redick lie\u00df ihn 23 und 24 Minuten auf dem Parkett, und der Point Guard wirkte zugleich au\u00dfer Form und voller Energie. Er erzielte 14 und 16 Punkte und kn\u00fcpfte erste Verbindungen zu seinen neuen Mitstreitern.<\/p>\n<p>Sein K\u00f6rper reagierte gut auf sein Comeback, auch die \u00dcberwachung der Wade, die ihn seit dem Christmas Day pausieren lie\u00df, verlief positiv. Das reichte Redick, um alle Beschr\u00e4nkungen aufzuheben und ihm im heutigen Duell mit den Charlotte Hornets dieselbe Freiheit zu geben wie dem Rest des Kaders.<\/p>\n<p>\u201eEr wird in Ordnung sein. Diese f\u00fcnf oder sechs zus\u00e4tzlichen freien Tage w\u00e4hrend des All-Star Break haben ihm wirklich geholfen. Seine Einsatzzeit wird morgen steigen. Und ich denke nicht, dass es von jetzt an irgendeine Art von Beschr\u00e4nkung geben wird\u201c, erkl\u00e4rte der Lakers-Coach gestern vor Reportern.<\/p>\n<figure class=\"wp-block-embed is-type-video is-provider-youtube wp-block-embed-youtube wp-embed-aspect-16-9 wp-has-aspect-ratio\">\n<div class=\"wp-block-embed__wrapper\">\n<iframe title=\"Luka Doncic 16 pts 3 threes 4 asts vs Jazz 24\/25 season\" width=\"1200\" height=\"675\" src=\"https:\/\/www.youtube.com\/embed\/odhI-V-gyyY?start=24&#038;feature=oembed\" frameborder=\"0\" allow=\"accelerometer; autoplay; clipboard-write; encrypted-media; gyroscope; picture-in-picture; web-share\" referrerpolicy=\"strict-origin-when-cross-origin\" allowfullscreen><\/iframe>\n<\/div>\n<\/figure>\n<div style=\"height:21px\" aria-hidden=\"true\" class=\"wp-block-spacer\"><\/div>\n<h2 class=\"wp-block-heading\">Erstes Back-to-back<\/h2>\n<p>Allerdings kehren die Lakers aus der Pause mit einem Back-to-back zur\u00fcck, denn sie spielen am Mittwochabend und gleich am Donnerstag gegen die Portland Trail Blazers.<\/p>\n<p>Wir werden sehen, wie nah Doncic in diesen beiden Auftritten an die 35 Minuten herankommt, die er in dieser Saison bei den Dallas Mavericks durchschnittlich spielte.<\/p>\n<p><em>(Cover-Foto von hris Nicoll-Imagn Images)<\/em><\/p>\n","protected":false},"excerpt":{"rendered":"<p>Die NBA ist zur\u00fcck. Die Lakers sind zur\u00fcck (heute das einzige Spiel). &#8216;Mark Williams kehrt zur\u00fcck&#8217;. Und Luka Doncic ist ebenfalls zur\u00fcck, ohne Einschr\u00e4nkungen oder &#8230; <a title=\"Luka Doncic erlangt v\u00f6llige Freiheit\" class=\"read-more\" href=\"https:\/\/www.nbamaniacs.com\/de\/nachrichten\/luka-doncic-erlangt-voellige-freiheit\/\" aria-label=\"Mehr Informationen \u00fcber Luka Doncic erlangt v\u00f6llige Freiheit\">Mehr lesen<\/a><\/p>\n","protected":false},"author":14497,"featured_media":403383,"comment_status":"open","ping_status":"closed","sticky":false,"template":"","format":"standard","meta":{"ub_ctt_via":"","footnotes":""},"categories":[6],"tags":[301,10,3561],"class_list":["post-403399","post","type-post","status-publish","format-standard","has-post-thumbnail","hentry","category-nachrichten","tag-j-j-redick","tag-los-angeles-lakers","tag-luka-doncic","no-featured-image-padding","resize-featured-image"],"featured_image_src":"https:\/\/www.nbamaniacs.com\/de\/wp-content\/uploads\/2025\/06\/kein-spanischer-text-zur-bersetzung-eingereicht-2.jpg","author_info":{"display_name":"Niko Jens Schwann","author_link":"https:\/\/www.nbamaniacs.com\/de\/autor\/niko-jens-schwann\/"},"_links":{"self":[{"href":"https:\/\/www.nbamaniacs.com\/de\/wp-json\/wp\/v2\/posts\/403399","targetHints":{"allow":["GET"]}}],"collection":[{"href":"https:\/\/www.nbamaniacs.com\/de\/wp-json\/wp\/v2\/posts"}],"about":[{"href":"https:\/\/www.nbamaniacs.com\/de\/wp-json\/wp\/v2\/types\/post"}],"author":[{"embeddable":true,"href":"https:\/\/www.nbamaniacs.com\/de\/wp-json\/wp\/v2\/users\/14497"}],"replies":[{"embeddable":true,"href":"https:\/\/www.nbamaniacs.com\/de\/wp-json\/wp\/v2\/comments?post=403399"}],"version-history":[{"count":1,"href":"https:\/\/www.nbamaniacs.com\/de\/wp-json\/wp\/v2\/posts\/403399\/revisions"}],"predecessor-version":[{"id":410379,"href":"https:\/\/www.nbamaniacs.com\/de\/wp-json\/wp\/v2\/posts\/403399\/revisions\/410379"}],"wp:featuredmedia":[{"embeddable":true,"href":"https:\/\/www.nbamaniacs.com\/de\/wp-json\/wp\/v2\/media\/403383"}],"wp:attachment":[{"href":"https:\/\/www.nbamaniacs.com\/de\/wp-json\/wp\/v2\/media?parent=403399"}],"wp:term":[{"taxonomy":"category","embeddable":true,"href":"https:\/\/www.nbamaniacs.com\/de\/wp-json\/wp\/v2\/categories?post=403399"},{"taxonomy":"post_tag","embeddable":true,"href":"https:\/\/www.nbamaniacs.com\/de\/wp-json\/wp\/v2\/tags?post=403399"}],"curies":[{"name":"wp","href":"https:\/\/api.w.org\/{rel}","templated":true}]}}