{"id":403472,"date":"2025-02-11T00:24:38","date_gmt":"2025-02-10T23:24:38","guid":{"rendered":"https:\/\/www.nbamaniacs.com\/de\/nachrichten\/kyrie-irving-ersetzt-the-brow-beim-all-star-game\/"},"modified":"2025-06-11T11:43:16","modified_gmt":"2025-06-11T09:43:16","slug":"kyrie-irving-ersetzt-the-brow-beim-all-star-game","status":"publish","type":"post","link":"https:\/\/www.nbamaniacs.com\/de\/nachrichten\/kyrie-irving-ersetzt-the-brow-beim-all-star-game\/","title":{"rendered":"Kyrie Irving ersetzt The Brow beim All-Star Game"},"content":{"rendered":"<p>Anthony Davis\u2019 Verletzung in <a href=\"https:\/\/www.nbamaniacs.com\/de\/nachrichten\/davis-verletzt-bei-mavericks-debuet\/\">seinem Deb\u00fct<\/a> bei den Dallas Mavericks hat nicht nur einen spektakul\u00e4ren Auftritt zerst\u00f6rt, der nach einem Triple-Double (26 Punkte, 16 Rebounds, 7 Assists und 3 Blocks) aussah. Sie wurde noch bitterer, als wir das volle Ausma\u00df erfuhren. <a href=\"https:\/\/www.nbamaniacs.com\/de\/nachrichten\/anthony-davis-erneut-verletzt-wochenlange-pause\/\">Laut dem medizinischen Bericht f\u00e4llt er rund einen Monat aus.<\/a><\/p>\n<p>Der Commissioner musste nun einen Ersatz w\u00e4hlen, und <a href=\"https:\/\/www.nbamaniacs.com\/de\/nachrichten\/grosse-stars-beim-all-star-2025-uebergangen\/\">unter den gro\u00dfen Namen<\/a>, die beim Event nicht dabei waren, enth\u00fcllte Shams Charania letztlich seine Entscheidung f\u00fcr einen Teamkollegen: Kyrie Irving.<\/p>\n<figure class=\"wp-block-embed is-type-wp-embed is-provider-nbamaniacs wp-block-embed-nbamaniacs\">\n<div class=\"wp-block-embed__wrapper\">\n<blockquote class=\"wp-embedded-content\" data-secret=\"1gcP74nQSO\">\n<p><a href=\"https:\/\/www.nbamaniacs.com\/de\/nachrichten\/grosse-stars-beim-all-star-2025-uebergangen\/\">The big absences from the 2025 All-Star<\/a><\/p>\n<\/blockquote>\n<p><iframe class=\"wp-embedded-content\" sandbox=\"allow-scripts\" security=\"restricted\" style=\"position: absolute; visibility: hidden;\" title=\"\u00abLas grandes ausencias del All-Star 2025\u00bb \u2014 NBAManiacs\" src=\"https:\/\/www.nbamaniacs.com\/de\/nachrichten\/grosse-stars-beim-all-star-2025-uebergangen\/embed\/#?secret=NFW15VC0SC#?secret=1gcP74nQSO\" data-secret=\"1gcP74nQSO\" width=\"600\" height=\"338\" frameborder=\"0\" marginwidth=\"0\" marginheight=\"0\" scrolling=\"no\"><\/iframe>\n<\/div>\n<\/figure>\n<h2 class=\"wp-block-heading\">F\u00fchrung aus der Not<\/h2>\n<p>Der Point Guard, der nach Luka Doncics Ausfall die Verantwortung am Perimeter \u00fcbernommen hat, soll nun das ganze Team tragen, w\u00e4hrend The Brow in einer schwierigen Phase pausiert. Das ist seine neunte Nominierung f\u00fcrs All-Star Game.<\/p>\n<p>Irving, der im M\u00e4rz 33 wird, legt in 42 Regular-Season-Spielen 24,1 Punkte, 4,8 Assists und 1,3 Steals in 36,3 Minuten auf. Seine Trefferquoten liegen nahezu auf Karrierelevel: 47,5&nbsp;Prozent aus dem Feld und 40,7&nbsp;Prozent von der Dreierlinie in seinen 14 Spielzeiten.<\/p>\n<p><em>(Titelbild von Kylie Ross-Imagn Images)<\/em><\/p><\/p>\n","protected":false},"excerpt":{"rendered":"<p>Anthony Davis\u2019 Verletzung in seinem Deb\u00fct bei den Dallas Mavericks hat nicht nur einen spektakul\u00e4ren Auftritt zerst\u00f6rt, der nach einem Triple-Double (26 Punkte, 16 Rebounds, &#8230; <a title=\"Kyrie Irving ersetzt The Brow beim All-Star Game\" class=\"read-more\" href=\"https:\/\/www.nbamaniacs.com\/de\/nachrichten\/kyrie-irving-ersetzt-the-brow-beim-all-star-game\/\" aria-label=\"Mehr Informationen \u00fcber Kyrie Irving ersetzt The Brow beim All-Star Game\">Mehr lesen<\/a><\/p>\n","protected":false},"author":14497,"featured_media":403463,"comment_status":"open","ping_status":"closed","sticky":false,"template":"","format":"standard","meta":{"ub_ctt_via":"","footnotes":""},"categories":[6],"tags":[945,662],"class_list":["post-403472","post","type-post","status-publish","format-standard","has-post-thumbnail","hentry","category-nachrichten","tag-anthony-davis","tag-kyrie-irving","no-featured-image-padding","resize-featured-image"],"featured_image_src":"https:\/\/www.nbamaniacs.com\/de\/wp-content\/uploads\/2025\/06\/spanische-headline-fehlt-bersetzung-gesucht.jpg","author_info":{"display_name":"Niko Jens Schwann","author_link":"https:\/\/www.nbamaniacs.com\/de\/autor\/niko-jens-schwann\/"},"_links":{"self":[{"href":"https:\/\/www.nbamaniacs.com\/de\/wp-json\/wp\/v2\/posts\/403472","targetHints":{"allow":["GET"]}}],"collection":[{"href":"https:\/\/www.nbamaniacs.com\/de\/wp-json\/wp\/v2\/posts"}],"about":[{"href":"https:\/\/www.nbamaniacs.com\/de\/wp-json\/wp\/v2\/types\/post"}],"author":[{"embeddable":true,"href":"https:\/\/www.nbamaniacs.com\/de\/wp-json\/wp\/v2\/users\/14497"}],"replies":[{"embeddable":true,"href":"https:\/\/www.nbamaniacs.com\/de\/wp-json\/wp\/v2\/comments?post=403472"}],"version-history":[{"count":1,"href":"https:\/\/www.nbamaniacs.com\/de\/wp-json\/wp\/v2\/posts\/403472\/revisions"}],"predecessor-version":[{"id":410411,"href":"https:\/\/www.nbamaniacs.com\/de\/wp-json\/wp\/v2\/posts\/403472\/revisions\/410411"}],"wp:featuredmedia":[{"embeddable":true,"href":"https:\/\/www.nbamaniacs.com\/de\/wp-json\/wp\/v2\/media\/403463"}],"wp:attachment":[{"href":"https:\/\/www.nbamaniacs.com\/de\/wp-json\/wp\/v2\/media?parent=403472"}],"wp:term":[{"taxonomy":"category","embeddable":true,"href":"https:\/\/www.nbamaniacs.com\/de\/wp-json\/wp\/v2\/categories?post=403472"},{"taxonomy":"post_tag","embeddable":true,"href":"https:\/\/www.nbamaniacs.com\/de\/wp-json\/wp\/v2\/tags?post=403472"}],"curies":[{"name":"wp","href":"https:\/\/api.w.org\/{rel}","templated":true}]}}