{"id":403493,"date":"2025-02-10T13:21:00","date_gmt":"2025-02-10T12:21:00","guid":{"rendered":"https:\/\/www.nbamaniacs.com\/de\/nachrichten\/anthony-davis-erneut-verletzt-wochenlange-pause\/"},"modified":"2025-06-11T11:43:26","modified_gmt":"2025-06-11T09:43:26","slug":"anthony-davis-erneut-verletzt-wochenlange-pause","status":"publish","type":"post","link":"https:\/\/www.nbamaniacs.com\/de\/nachrichten\/anthony-davis-erneut-verletzt-wochenlange-pause\/","title":{"rendered":"Anthony Davis erneut verletzt: Wochenlange Pause"},"content":{"rendered":"<p>Die Mavericks-Fans brauchten nicht einmal ein ganzes Spiel, um das volle Anthony-Davis-Erlebnis zu erleben. In der ersten Halbzeit dominierte er an beiden Enden, zeigte nach der Pause einige Inkonstanz und musste dann wegen Beschwerden <a href=\"https:\/\/www.nbamaniacs.com\/de\/nachrichten\/davis-verletzt-bei-mavericks-debuet\/\" target=\"_blank\" rel=\"noreferrer noopener\">fr\u00fch in die Kabine<\/a>. Diese Unannehmlichkeiten erwiesen sich als ernster als erwartet und f\u00fchrten zu einer l\u00e4ngeren Auszeit.<\/p>\n<p>Laut Shams Charania und Tim MacMahon von <em>ESPN<\/em> rechnen die Mavericks damit, dass Davis mit diesen Problemen im linken Abduktorenbereich mehrere Wochen fehlen wird. Tats\u00e4chlich bef\u00fcrchtet das Team, er k\u00f6nne bis zu einem Monat ausfallen, was sie in einer entscheidenden Saisonphase schw\u00e4chen w\u00fcrde.<\/p>\n<h2 class=\"wp-block-heading\">Es schien harmlos<\/h2>\n<p>Die Verletzung war ernsthafter als viele dachten, auch Davis selbst. Er f\u00fchlte sich nach dem Spiel am Samstag noch optimistisch: \u201eMein Bein war angespannt und hatte leichte Kr\u00e4mpfe. Ich bin zur\u00fcck aufs Feld, um es zu lockern, aber es ging nicht. Aber es ist nichts Ernstes. Mir geht\u2019s gut\u201c, sagte er.<\/p>\n<p>Der Sieg \u00fcber Houston bef\u00f6rderte Dallas auf Platz acht im Westen, wo Dich schon eine gute Woche in einen direkten Playoff-Platz katapultieren kann, w\u00e4hrend ein schlechter Lauf Dich schnell an den Rand des Play-in bringt. Kidds Team muss nun ohne Davis klarkommen, um in dieser Lage nicht ins Straucheln zu geraten, zumal einige Teams gerade vom Trade-Markt frischen Aufwind bekommen.<\/p>\n<p>Positiv ist, dass die Verletzung kurz vor der All-Star-Pause auftrat, die eine ganze Woche spielfrei bietet und so die Anzahl der Spiele reduziert, die AD verpassen d\u00fcrfte. Dallas hat zwischen dem Duell am  Feb. 13 gegen Miami und dem Spiel am Feb. 21 gegen New Orleans ganze acht Tage Pause, was den Effekt dieses Ausfalls etwas mildert.<\/p>\n<p><em>(Cover photo: Jerome Miron-Imagn Images)<\/em><\/p>\n","protected":false},"excerpt":{"rendered":"<p>Die Mavericks-Fans brauchten nicht einmal ein ganzes Spiel, um das volle Anthony-Davis-Erlebnis zu erleben. In der ersten Halbzeit dominierte er an beiden Enden, zeigte nach &#8230; <a title=\"Anthony Davis erneut verletzt: Wochenlange Pause\" class=\"read-more\" href=\"https:\/\/www.nbamaniacs.com\/de\/nachrichten\/anthony-davis-erneut-verletzt-wochenlange-pause\/\" aria-label=\"Mehr Informationen \u00fcber Anthony Davis erneut verletzt: Wochenlange Pause\">Mehr lesen<\/a><\/p>\n","protected":false},"author":14497,"featured_media":403482,"comment_status":"open","ping_status":"closed","sticky":false,"template":"","format":"standard","meta":{"ub_ctt_via":"","footnotes":""},"categories":[6],"tags":[945,21],"class_list":["post-403493","post","type-post","status-publish","format-standard","has-post-thumbnail","hentry","category-nachrichten","tag-anthony-davis","tag-dallas-mavericks","no-featured-image-padding","resize-featured-image"],"featured_image_src":"https:\/\/www.nbamaniacs.com\/de\/wp-content\/uploads\/2025\/06\/anthony-davis-f-uhrt-die-lakers-zum-sieg.jpg","author_info":{"display_name":"Niko Jens Schwann","author_link":"https:\/\/www.nbamaniacs.com\/de\/autor\/niko-jens-schwann\/"},"_links":{"self":[{"href":"https:\/\/www.nbamaniacs.com\/de\/wp-json\/wp\/v2\/posts\/403493","targetHints":{"allow":["GET"]}}],"collection":[{"href":"https:\/\/www.nbamaniacs.com\/de\/wp-json\/wp\/v2\/posts"}],"about":[{"href":"https:\/\/www.nbamaniacs.com\/de\/wp-json\/wp\/v2\/types\/post"}],"author":[{"embeddable":true,"href":"https:\/\/www.nbamaniacs.com\/de\/wp-json\/wp\/v2\/users\/14497"}],"replies":[{"embeddable":true,"href":"https:\/\/www.nbamaniacs.com\/de\/wp-json\/wp\/v2\/comments?post=403493"}],"version-history":[{"count":1,"href":"https:\/\/www.nbamaniacs.com\/de\/wp-json\/wp\/v2\/posts\/403493\/revisions"}],"predecessor-version":[{"id":410415,"href":"https:\/\/www.nbamaniacs.com\/de\/wp-json\/wp\/v2\/posts\/403493\/revisions\/410415"}],"wp:featuredmedia":[{"embeddable":true,"href":"https:\/\/www.nbamaniacs.com\/de\/wp-json\/wp\/v2\/media\/403482"}],"wp:attachment":[{"href":"https:\/\/www.nbamaniacs.com\/de\/wp-json\/wp\/v2\/media?parent=403493"}],"wp:term":[{"taxonomy":"category","embeddable":true,"href":"https:\/\/www.nbamaniacs.com\/de\/wp-json\/wp\/v2\/categories?post=403493"},{"taxonomy":"post_tag","embeddable":true,"href":"https:\/\/www.nbamaniacs.com\/de\/wp-json\/wp\/v2\/tags?post=403493"}],"curies":[{"name":"wp","href":"https:\/\/api.w.org\/{rel}","templated":true}]}}