{"id":403582,"date":"2025-02-03T17:00:00","date_gmt":"2025-02-03T16:00:00","guid":{"rendered":"https:\/\/www.nbamaniacs.com\/de\/nachrichten\/iowa-ehrt-caitlin-clark-nr-22-wird-zurueckgezogen\/"},"modified":"2025-02-03T17:00:00","modified_gmt":"2025-02-03T16:00:00","slug":"iowa-ehrt-caitlin-clark-nr-22-wird-zurueckgezogen","status":"publish","type":"post","link":"https:\/\/www.nbamaniacs.com\/de\/nachrichten\/iowa-ehrt-caitlin-clark-nr-22-wird-zurueckgezogen\/","title":{"rendered":"Iowa ehrt Caitlin Clark \u2013 Nr. 22 wird zur\u00fcckgezogen"},"content":{"rendered":"<p>Es ist offiziell. Das Trikot mit der Nummer 22, das Caitlin Clark von 2020 bis 2024 trug, h\u00e4ngt jetzt unter dem Hallendach in der Arena der University of Iowa.<\/p>\n<p>Das passierte in der Halbzeitpause des Spiels, das die <em>Hawkeyes<\/em> gegen USC mit 76:69 gewannen.<\/p>\n<p>Sie hinterl\u00e4sst 139 offizielle Partien mit Durchschnittswerten von 28,4 Punkten, 7,1 Rebounds und 8,2 Assists bei einer Dreierquote von 38%.<\/p>\n<p>Clark schrieb an der University of Iowa und in der gesamten NCAA Geschichte. Mit insgesamt 3.951 Punkten wurde sie die beste Division-I-Scorerin aller Zeiten.<\/p>\n<p>\u201eWenn du hier reinkommst, hast du Schmetterlinge im Bauch\u201c, sagte Clark <em>ESPN<\/em>.<\/p>\n<p>\u201eIn der N\u00e4he aller zu sein und diese unglaubliche Atmosph\u00e4re zu genie\u00dfen \u2026 Ich f\u00fchle mich so privilegiert, von ehemaligen Teamkolleginnen und Coaches umgeben zu sein, die mich unterst\u00fctzen. Und so viele Freundinnen und Freunde und Familienmitglieder\u201c, erkl\u00e4rte sie.<\/p>\n<div style=\"height:32px\" aria-hidden=\"true\" class=\"wp-block-spacer\"><\/div>\n<blockquote class=\"twitter-tweet\" data-media-max-width=\"560\">\n<p lang=\"en\" dir=\"ltr\">#22 is immortalized forever for <a href=\"https:\/\/twitter.com\/IowaWBB?ref_src=twsrc%5Etfw\" target=\"_blank\" rel=\"noopener nofollow\">@iowawbb<\/a> \ud83d\ude4c<\/p>\n<p>Congratulations Caitlin Clark! <a href=\"https:\/\/t.co\/zQnnf1BPvu\" target=\"_blank\" rel=\"nofollow\">pic.twitter.com\/zQnnf1BPvu<\/a><\/p>\n<p>&mdash; WNBA (@WNBA) <a href=\"https:\/\/twitter.com\/WNBA\/status\/1886166353037476211?ref_src=twsrc%5Etfw\" target=\"_blank\" rel=\"noopener nofollow\">February 2, 2025<\/a><\/p><\/blockquote>\n<p> <script async src=\"https:\/\/platform.twitter.com\/widgets.js\" charset=\"utf-8\"><\/script><\/p>\n<div style=\"height:32px\" aria-hidden=\"true\" class=\"wp-block-spacer\"><\/div>\n<p>Ihr Einfluss geht weit \u00fcber den NCAA-Basketball hinaus, und Clark ist zu einer globalen Ikone geworden. Als No. 1 Pick im Draft 2024 hat sie jeden m\u00f6glichen Rekord gebrochen und die WNBA zusammen mit Sabrina Ionescu und ihren Liberty wieder ins Rampenlicht ger\u00fcckt.<\/p>\n<p>Clark zieht \u00fcberall Fans an. Tausende verkaufte Trikots, ein achtj\u00e4hriger Multimillionenvertrag mit Nike \u2026 und zahllose individuelle Ehrungen, darunter:<\/p>\n<ul class=\"wp-block-list\">\n<li>No. 1 pick in the 2024 WNBA Draft by the Indiana Fever.<\/li>\n<li>2024 WNBA All-Star.<\/li>\n<li>2024 All-WNBA First Team.<\/li>\n<li><em>Rookie<\/em> of the Year 2024.<\/li>\n<li>2024 <em>All-Rookie<\/em> First Team.<\/li>\n<li>WNBA assists leader.<\/li>\n<\/ul>\n<p>\u201eIch wollte, dass der Caitlin-Clark-Day etwas ganz Besonderes wird\u201c, gab Head Coach Jan Jensen zu.<\/p>\n<p>\u201eIch denke, alle im Frauenbasketball sch\u00e4tzen alles, was Clark erreicht hat. Caitlin ist einzigartig\u201c, schloss sie.<\/p>\n<p><em>(Cover-Foto: Imagn Images)<\/em><\/p>\n","protected":false},"excerpt":{"rendered":"<p>Es ist offiziell. Das Trikot mit der Nummer 22, das Caitlin Clark von 2020 bis 2024 trug, h\u00e4ngt jetzt unter dem Hallendach in der Arena &#8230; <a title=\"Iowa ehrt Caitlin Clark \u2013 Nr. 22 wird zur\u00fcckgezogen\" class=\"read-more\" href=\"https:\/\/www.nbamaniacs.com\/de\/nachrichten\/iowa-ehrt-caitlin-clark-nr-22-wird-zurueckgezogen\/\" aria-label=\"Mehr Informationen \u00fcber Iowa ehrt Caitlin Clark \u2013 Nr. 22 wird zur\u00fcckgezogen\">Mehr lesen<\/a><\/p>\n","protected":false},"author":14497,"featured_media":403572,"comment_status":"open","ping_status":"closed","sticky":false,"template":"","format":"standard","meta":{"ub_ctt_via":"","footnotes":""},"categories":[6],"tags":[5053,4896],"class_list":["post-403582","post","type-post","status-publish","format-standard","has-post-thumbnail","hentry","category-nachrichten","tag-caitlin-clark","tag-indiana-fever","no-featured-image-padding","resize-featured-image"],"featured_image_src":"https:\/\/www.nbamaniacs.com\/de\/wp-content\/uploads\/2025\/06\/madrid-schweigt-keine-spanische-schlagzeile.jpg","author_info":{"display_name":"Niko Jens Schwann","author_link":"https:\/\/www.nbamaniacs.com\/de\/autor\/niko-jens-schwann\/"},"_links":{"self":[{"href":"https:\/\/www.nbamaniacs.com\/de\/wp-json\/wp\/v2\/posts\/403582","targetHints":{"allow":["GET"]}}],"collection":[{"href":"https:\/\/www.nbamaniacs.com\/de\/wp-json\/wp\/v2\/posts"}],"about":[{"href":"https:\/\/www.nbamaniacs.com\/de\/wp-json\/wp\/v2\/types\/post"}],"author":[{"embeddable":true,"href":"https:\/\/www.nbamaniacs.com\/de\/wp-json\/wp\/v2\/users\/14497"}],"replies":[{"embeddable":true,"href":"https:\/\/www.nbamaniacs.com\/de\/wp-json\/wp\/v2\/comments?post=403582"}],"version-history":[{"count":0,"href":"https:\/\/www.nbamaniacs.com\/de\/wp-json\/wp\/v2\/posts\/403582\/revisions"}],"wp:featuredmedia":[{"embeddable":true,"href":"https:\/\/www.nbamaniacs.com\/de\/wp-json\/wp\/v2\/media\/403572"}],"wp:attachment":[{"href":"https:\/\/www.nbamaniacs.com\/de\/wp-json\/wp\/v2\/media?parent=403582"}],"wp:term":[{"taxonomy":"category","embeddable":true,"href":"https:\/\/www.nbamaniacs.com\/de\/wp-json\/wp\/v2\/categories?post=403582"},{"taxonomy":"post_tag","embeddable":true,"href":"https:\/\/www.nbamaniacs.com\/de\/wp-json\/wp\/v2\/tags?post=403582"}],"curies":[{"name":"wp","href":"https:\/\/api.w.org\/{rel}","templated":true}]}}