{"id":403835,"date":"2025-01-17T20:00:00","date_gmt":"2025-01-17T19:00:00","guid":{"rendered":"https:\/\/www.nbamaniacs.com\/de\/nachrichten\/embiid-faellt-wegen-knieverletzung-eine-weitere-woche-aus\/"},"modified":"2025-01-17T20:00:00","modified_gmt":"2025-01-17T19:00:00","slug":"embiid-faellt-wegen-knieverletzung-eine-weitere-woche-aus","status":"publish","type":"post","link":"https:\/\/www.nbamaniacs.com\/de\/nachrichten\/embiid-faellt-wegen-knieverletzung-eine-weitere-woche-aus\/","title":{"rendered":"Embiid f\u00e4llt wegen Knieverletzung eine weitere Woche aus"},"content":{"rendered":"<p>Joel Embiid und die Philadelphia 76ers sind aus dem Blickfeld verschwunden, weil sich ihre Situation immer wiederholt. Trotzdem bleibt sie beunruhigend. Der kamerunische Center hat wegen Fu\u00dfproblemen die letzten sechs Spiele seines Teams verpasst. Seit dem 4. Januar stand er nicht mehr auf dem Parkett, und jetzt klopfen <a href=\"https:\/\/www.espn.com\/nba\/story\/_\/id\/43454101\/76ers-joel-embiid-miss-road-trip-left-knee-swelling\" target=\"_blank\" rel=\"noreferrer noopener nofollow\">sus dolores de rodilla<\/a> wieder an.<\/p>\n<p>Da die Sixers kurz vor einem Ausw\u00e4rtstrip durch Indiana, Milwaukee und Denver stehen, bleibt der MVP von 2023 in Philly und konzentriert sich auf seine Genesung. Das bedeutet, dass er mindestens eine weitere Woche fehlt und wom\u00f6glich auch den Cavaliers-Besuch im Wells Fargo Center am n\u00e4chsten Freitag, January 24, verpasst.<\/p>\n<p>Embiid hat in dieser Saison bereits 26 Spiele verpasst und nur halb so viele bestritten: 13. Die meisten seiner Ausf\u00e4lle gehen auf eine Knieverletzung zur\u00fcck, die ihn schon in der Preseason getroffen hat, m\u00f6glicherweise im Zusammenhang mit dem Meniskuseingriff aus dem Vorjahr. Mit ihm auf dem Court steht die Bilanz der 76ers bei 7\u20136. Ohne ihn sind es 8\u201318.<\/p>\n<h2 class=\"wp-block-heading\">Wenn es regnet, dann sch\u00fcttet es in den Stra\u00dfen von Philadelphia<\/h2>\n<p>Philly rangiert im Osten auf Platz 11, nachdem das Team die letzten vier Partien und 7 der letzten 10 verloren hat. Auch Tyrese Maxey und Paul George haben in diesem Zeitraum Spiele verpasst. Die drei fehlten bei 45 von 117 m\u00f6glichen Partien, also 38%. Gemeinsam standen sie nur in 10 Spielen zusammen auf dem Parkett, insgesamt 192 Minuten.<\/p>\n<p>Mittlerweile kursieren in Philly Ger\u00fcchte \u00fcber m\u00f6gliche Blockbuster-Trades, die die Teamstruktur ver\u00e4ndern k\u00f6nnten. Erinnere dich: Letzten Sommer investierte Daryl Morey seine ganze Geduld und sein ganzes Vertrauen, um Paul George zu holen. Der Plan ging perfekt auf, doch jetzt l\u00e4uft fast nichts wie erwartet. Immer mehr Stimmen fordern deshalb einen Neustart des Prozesses.<\/p>\n<p><em>(Fotograf\u00eda de portada de Soobum Im-Imagn Images)<\/em><\/p>\n","protected":false},"excerpt":{"rendered":"<p>Joel Embiid und die Philadelphia 76ers sind aus dem Blickfeld verschwunden, weil sich ihre Situation immer wiederholt. Trotzdem bleibt sie beunruhigend. Der kamerunische Center hat &#8230; <a title=\"Embiid f\u00e4llt wegen Knieverletzung eine weitere Woche aus\" class=\"read-more\" href=\"https:\/\/www.nbamaniacs.com\/de\/nachrichten\/embiid-faellt-wegen-knieverletzung-eine-weitere-woche-aus\/\" aria-label=\"Mehr Informationen \u00fcber Embiid f\u00e4llt wegen Knieverletzung eine weitere Woche aus\">Mehr lesen<\/a><\/p>\n","protected":false},"author":14497,"featured_media":403828,"comment_status":"open","ping_status":"closed","sticky":false,"template":"","format":"standard","meta":{"ub_ctt_via":"","footnotes":""},"categories":[6],"tags":[1685,3915],"class_list":["post-403835","post","type-post","status-publish","format-standard","has-post-thumbnail","hentry","category-nachrichten","tag-joel-embiid","tag-sixers","no-featured-image-padding","resize-featured-image"],"featured_image_src":"https:\/\/www.nbamaniacs.com\/de\/wp-content\/uploads\/2025\/06\/lakers-st-urmen-ins-conference-finale.jpg","author_info":{"display_name":"Niko Jens Schwann","author_link":"https:\/\/www.nbamaniacs.com\/de\/autor\/niko-jens-schwann\/"},"_links":{"self":[{"href":"https:\/\/www.nbamaniacs.com\/de\/wp-json\/wp\/v2\/posts\/403835","targetHints":{"allow":["GET"]}}],"collection":[{"href":"https:\/\/www.nbamaniacs.com\/de\/wp-json\/wp\/v2\/posts"}],"about":[{"href":"https:\/\/www.nbamaniacs.com\/de\/wp-json\/wp\/v2\/types\/post"}],"author":[{"embeddable":true,"href":"https:\/\/www.nbamaniacs.com\/de\/wp-json\/wp\/v2\/users\/14497"}],"replies":[{"embeddable":true,"href":"https:\/\/www.nbamaniacs.com\/de\/wp-json\/wp\/v2\/comments?post=403835"}],"version-history":[{"count":0,"href":"https:\/\/www.nbamaniacs.com\/de\/wp-json\/wp\/v2\/posts\/403835\/revisions"}],"wp:featuredmedia":[{"embeddable":true,"href":"https:\/\/www.nbamaniacs.com\/de\/wp-json\/wp\/v2\/media\/403828"}],"wp:attachment":[{"href":"https:\/\/www.nbamaniacs.com\/de\/wp-json\/wp\/v2\/media?parent=403835"}],"wp:term":[{"taxonomy":"category","embeddable":true,"href":"https:\/\/www.nbamaniacs.com\/de\/wp-json\/wp\/v2\/categories?post=403835"},{"taxonomy":"post_tag","embeddable":true,"href":"https:\/\/www.nbamaniacs.com\/de\/wp-json\/wp\/v2\/tags?post=403835"}],"curies":[{"name":"wp","href":"https:\/\/api.w.org\/{rel}","templated":true}]}}