{"id":403936,"date":"2025-01-10T21:50:41","date_gmt":"2025-01-10T20:50:41","guid":{"rendered":"https:\/\/www.nbamaniacs.com\/de\/nachrichten\/curry-green-fehlen-gegen-die-pacers\/"},"modified":"2025-01-10T21:50:41","modified_gmt":"2025-01-10T20:50:41","slug":"curry-green-fehlen-gegen-die-pacers","status":"publish","type":"post","link":"https:\/\/www.nbamaniacs.com\/de\/nachrichten\/curry-green-fehlen-gegen-die-pacers\/","title":{"rendered":"Curry, Green fehlen gegen die Pacers"},"content":{"rendered":"<p>Die Golden State Warriors traten gestern in Detroit gegen die Pistons an. Nach dem Spiel, das knapper als erwartet ausfiel gegen ein Team, das ebenfalls im zweiten Spiel eines Back-to-Back antrat, sagte Stephen Curry, er tue alles, um an aufeinanderfolgenden Tagen spielen zu k\u00f6nnen. Das wird jedoch nicht passieren, da er heute Abend in Indiana fehlen wird. Draymond Green wird sich in Stra\u00dfenkleidung zu ihm auf die Bank setzen.<\/p>\n<p>Im Injury Report stehen Knieprobleme f\u00fcr den Point Guard und R\u00fcckenbeschwerden f\u00fcr den Big Man. Eine klare Entscheidung, um sich zu schonen und \u00dcberbelastung zu vermeiden. Auff\u00e4llig ist, wie oft Green pausiert, wenn Curry fehlt.<\/p>\n<p>Bis zu einem gewissen Grad ist das angesichts ihres Veteranenstatus logisch. Doch seit Jahren haftet Green der Ruf an, \u201ezu schw\u00e4nzen\u201c, wenn Steph nicht da ist. In dieser Saison haben sie in 28 der 37 Spiele der Warriors gemeinsam gespielt und sind in zwei der letzten drei Abwesenheiten beider zusammen ausgefallen. Nichts wirklich Au\u00dfergew\u00f6hnliches.<\/p>\n<p><em>(Cover photo by Stephen Brashear-Imagn Images)<\/em><\/p>\n","protected":false},"excerpt":{"rendered":"<p>Die Golden State Warriors traten gestern in Detroit gegen die Pistons an. Nach dem Spiel, das knapper als erwartet ausfiel gegen ein Team, das ebenfalls &#8230; <a title=\"Curry, Green fehlen gegen die Pacers\" class=\"read-more\" href=\"https:\/\/www.nbamaniacs.com\/de\/nachrichten\/curry-green-fehlen-gegen-die-pacers\/\" aria-label=\"Mehr Informationen \u00fcber Curry, Green fehlen gegen die Pacers\">Mehr lesen<\/a><\/p>\n","protected":false},"author":14497,"featured_media":403927,"comment_status":"open","ping_status":"closed","sticky":false,"template":"","format":"standard","meta":{"ub_ctt_via":"","footnotes":""},"categories":[6],"tags":[1377,26,336],"class_list":["post-403936","post","type-post","status-publish","format-standard","has-post-thumbnail","hentry","category-nachrichten","tag-draymond-green","tag-golden-state-warriors","tag-stephen-curry","no-featured-image-padding","resize-featured-image"],"featured_image_src":"https:\/\/www.nbamaniacs.com\/de\/wp-content\/uploads\/2025\/06\/keine-spanische-headline-vorhanden-13.jpg","author_info":{"display_name":"Niko Jens Schwann","author_link":"https:\/\/www.nbamaniacs.com\/de\/autor\/niko-jens-schwann\/"},"_links":{"self":[{"href":"https:\/\/www.nbamaniacs.com\/de\/wp-json\/wp\/v2\/posts\/403936","targetHints":{"allow":["GET"]}}],"collection":[{"href":"https:\/\/www.nbamaniacs.com\/de\/wp-json\/wp\/v2\/posts"}],"about":[{"href":"https:\/\/www.nbamaniacs.com\/de\/wp-json\/wp\/v2\/types\/post"}],"author":[{"embeddable":true,"href":"https:\/\/www.nbamaniacs.com\/de\/wp-json\/wp\/v2\/users\/14497"}],"replies":[{"embeddable":true,"href":"https:\/\/www.nbamaniacs.com\/de\/wp-json\/wp\/v2\/comments?post=403936"}],"version-history":[{"count":0,"href":"https:\/\/www.nbamaniacs.com\/de\/wp-json\/wp\/v2\/posts\/403936\/revisions"}],"wp:featuredmedia":[{"embeddable":true,"href":"https:\/\/www.nbamaniacs.com\/de\/wp-json\/wp\/v2\/media\/403927"}],"wp:attachment":[{"href":"https:\/\/www.nbamaniacs.com\/de\/wp-json\/wp\/v2\/media?parent=403936"}],"wp:term":[{"taxonomy":"category","embeddable":true,"href":"https:\/\/www.nbamaniacs.com\/de\/wp-json\/wp\/v2\/categories?post=403936"},{"taxonomy":"post_tag","embeddable":true,"href":"https:\/\/www.nbamaniacs.com\/de\/wp-json\/wp\/v2\/tags?post=403936"}],"curies":[{"name":"wp","href":"https:\/\/api.w.org\/{rel}","templated":true}]}}