{"id":403981,"date":"2025-01-08T19:31:39","date_gmt":"2025-01-08T18:31:39","guid":{"rendered":"https:\/\/www.nbamaniacs.com\/de\/nachrichten\/paolo-banchero-kehrt-zurueck\/"},"modified":"2025-01-08T19:31:39","modified_gmt":"2025-01-08T18:31:39","slug":"paolo-banchero-kehrt-zurueck","status":"publish","type":"post","link":"https:\/\/www.nbamaniacs.com\/de\/nachrichten\/paolo-banchero-kehrt-zurueck\/","title":{"rendered":"Paolo Banchero kehrt zur\u00fcck"},"content":{"rendered":"<p>Der Januar entwickelt sich in der NBA gerade zum Monat der Comebacks. In den letzten Tagen sind Kawhi Leonard und Zion Williamson aufs Parkett zur\u00fcckgekehrt, und jetzt ist Paolo Banchero an der Reihe. Die Orlando Magic planen, ihren Forward entweder am Donnerstag oder Freitag wieder einzusetzen, wenn zwei aufeinanderfolgende Partien anstehen\u2014zuerst zuhause gegen die Timberwolves, am darauffolgenden Abend dann in Milwaukee.<\/p>\n<p>Es ist ziemlich sicher, dass der italienisch-amerikanische Forward nur in einer dieser beiden Partien spielen wird. Mit anderen Worten: Wenn er gegen die Wolves aufl\u00e4uft, setzt er gegen die Bucks aus. Tats\u00e4chlich ist das wahrscheinlichste Szenario, dass er gegen das Team von Giannis Antetokounmpo zur\u00fcckkehrt.<\/p>\n<blockquote class=\"twitter-tweet\">\n<p lang=\"en\" dir=\"ltr\">The Magic are expected to upgrade Banchero to questionable on the injury report, with his return likely on Friday. Orlando sits in fourth place in the Eastern Conference at 22-16. <a href=\"https:\/\/t.co\/kh6IKjyoIy\" target=\"_blank\" rel=\"nofollow\">https:\/\/t.co\/kh6IKjyoIy<\/a><\/p>\n<p>&mdash; Shams Charania (@ShamsCharania) <a href=\"https:\/\/twitter.com\/ShamsCharania\/status\/1877058436086599988?ref_src=twsrc%5Etfw\" target=\"_blank\" rel=\"noopener nofollow\">January 8, 2025<\/a><\/p><\/blockquote>\n<p> <script async src=\"https:\/\/platform.twitter.com\/widgets.js\" charset=\"utf-8\"><\/script><\/p>\n<h2 class=\"wp-block-heading\">Mehr als zwei Monate an der Seitenlinie<\/h2>\n<p>Banchero fehlt seit dem 30. Oktober, als die Magic in dieser Saison erst f\u00fcnf Spiele absolviert hatten. Der Forward riss sich den schr\u00e4gen Bauchmuskel und fiel dadurch mehr als zwei Monate aus\u2014interessanterweise genau dieselbe Verletzung, die sp\u00e4ter auch Teamkollege Franz Wagner erleiden sollte.<\/p>\n<p>Ohne ihn hat Orlando \u00fcberraschend stark gespielt und rangiert aktuell mit einer Bilanz von 22\u201316 auf Platz vier im Osten. Sein Fehlen erm\u00f6glichte Wagner den Durchbruch zum Star, und als auch der Deutsche verletzt ausfiel, zeigte sich, dass dieses Team vielleicht das konkurrenzf\u00e4higste der gesamten Liga ist.<\/p>\n<p><em>(Cover photo by Benny Sieu-Imagn Images)<\/em><\/p>\n","protected":false},"excerpt":{"rendered":"<p>Der Januar entwickelt sich in der NBA gerade zum Monat der Comebacks. In den letzten Tagen sind Kawhi Leonard und Zion Williamson aufs Parkett zur\u00fcckgekehrt, &#8230; <a title=\"Paolo Banchero kehrt zur\u00fcck\" class=\"read-more\" href=\"https:\/\/www.nbamaniacs.com\/de\/nachrichten\/paolo-banchero-kehrt-zurueck\/\" aria-label=\"Mehr Informationen \u00fcber Paolo Banchero kehrt zur\u00fcck\">Mehr lesen<\/a><\/p>\n","protected":false},"author":14497,"featured_media":403972,"comment_status":"open","ping_status":"closed","sticky":false,"template":"","format":"standard","meta":{"ub_ctt_via":"","footnotes":""},"categories":[6],"tags":[121,5282,4371],"class_list":["post-403981","post","type-post","status-publish","format-standard","has-post-thumbnail","hentry","category-nachrichten","tag-magic-johnson","tag-orlando-magic","tag-paolo-banchero","no-featured-image-padding","resize-featured-image"],"featured_image_src":"https:\/\/www.nbamaniacs.com\/de\/wp-content\/uploads\/2025\/06\/curry-gl-anzt-mit-40-punkten-beim-warriors-sieg.jpg","author_info":{"display_name":"Niko Jens Schwann","author_link":"https:\/\/www.nbamaniacs.com\/de\/autor\/niko-jens-schwann\/"},"_links":{"self":[{"href":"https:\/\/www.nbamaniacs.com\/de\/wp-json\/wp\/v2\/posts\/403981","targetHints":{"allow":["GET"]}}],"collection":[{"href":"https:\/\/www.nbamaniacs.com\/de\/wp-json\/wp\/v2\/posts"}],"about":[{"href":"https:\/\/www.nbamaniacs.com\/de\/wp-json\/wp\/v2\/types\/post"}],"author":[{"embeddable":true,"href":"https:\/\/www.nbamaniacs.com\/de\/wp-json\/wp\/v2\/users\/14497"}],"replies":[{"embeddable":true,"href":"https:\/\/www.nbamaniacs.com\/de\/wp-json\/wp\/v2\/comments?post=403981"}],"version-history":[{"count":0,"href":"https:\/\/www.nbamaniacs.com\/de\/wp-json\/wp\/v2\/posts\/403981\/revisions"}],"wp:featuredmedia":[{"embeddable":true,"href":"https:\/\/www.nbamaniacs.com\/de\/wp-json\/wp\/v2\/media\/403972"}],"wp:attachment":[{"href":"https:\/\/www.nbamaniacs.com\/de\/wp-json\/wp\/v2\/media?parent=403981"}],"wp:term":[{"taxonomy":"category","embeddable":true,"href":"https:\/\/www.nbamaniacs.com\/de\/wp-json\/wp\/v2\/categories?post=403981"},{"taxonomy":"post_tag","embeddable":true,"href":"https:\/\/www.nbamaniacs.com\/de\/wp-json\/wp\/v2\/tags?post=403981"}],"curies":[{"name":"wp","href":"https:\/\/api.w.org\/{rel}","templated":true}]}}