{"id":404318,"date":"2024-12-18T19:45:00","date_gmt":"2024-12-18T18:45:00","guid":{"rendered":"https:\/\/www.nbamaniacs.com\/de\/nachrichten\/kobe-bufkin-verabschiedet-sich-von-der-saison\/"},"modified":"2024-12-18T19:45:00","modified_gmt":"2024-12-18T18:45:00","slug":"kobe-bufkin-verabschiedet-sich-von-der-saison","status":"publish","type":"post","link":"https:\/\/www.nbamaniacs.com\/de\/nachrichten\/kobe-bufkin-verabschiedet-sich-von-der-saison\/","title":{"rendered":"Kobe Bufkin verabschiedet sich von der Saison"},"content":{"rendered":"<p>Kobe Bufkin wird f\u00fcr den Rest der Saison 2024-25 ausfallen, gaben die Atlanta Hawks in einer Pressemitteilung bekannt. Der Shooting Guard l\u00e4sst sich am 7. Januar operieren, um eine Verletzung an der rechten Schulter zu behandeln.<\/p>\n<p>Der 21-j\u00e4hrige Absolvent der University of Michigan kam in der vergangenen Saison wegen eines gebrochenen linken Daumens und einer Fu\u00dfverstauchung nur auf 17 Spiele. Seine beste Form zeigte er in der G League, wo er f\u00fcr die College Park Skyhawks in 14 Partien durchschnittlich 23,6 Punkte, 5,4 Rebounds und 5,9 Assists verbuchte.<\/p>\n<p>In seiner zweiten NBA-Saison verlor Bufkin erneut den Kampf gegen Verletzungen. Er zog sich im Juli w\u00e4hrend eines Summer-League-Workouts eine Subluxation der rechten Schulter zu und erlitt kurz vor dem Saisonstart dieselbe Verletzung noch einmal. Vor genau einem Monat feierte er endlich sein Deb\u00fct, doch seine Schulter war offenbar nie vollst\u00e4ndig ausgeheilt. Gemeinsam entschieden sich Team und Spieler nun f\u00fcr einen chirurgischen Eingriff.<\/p>\n<p>Jetzt k\u00f6nnen die Hawks wegen des langfristigen Ausfalls des 2023er No.-15-Draftpicks die <em>disabled player exception<\/em> beantragen. Diese wird rund 2,2 Millionen Dollar betragen und erlaubt Atlantas Front Office, f\u00fcr den Rest der Saison einen Free Agent zu verpflichten oder einen Spieler mit einem <em>expiring<\/em> Vertrag zu holen.<\/p>\n","protected":false},"excerpt":{"rendered":"<p>Kobe Bufkin wird f\u00fcr den Rest der Saison 2024-25 ausfallen, gaben die Atlanta Hawks in einer Pressemitteilung bekannt. Der Shooting Guard l\u00e4sst sich am 7. &#8230; <a title=\"Kobe Bufkin verabschiedet sich von der Saison\" class=\"read-more\" href=\"https:\/\/www.nbamaniacs.com\/de\/nachrichten\/kobe-bufkin-verabschiedet-sich-von-der-saison\/\" aria-label=\"Mehr Informationen \u00fcber Kobe Bufkin verabschiedet sich von der Saison\">Mehr lesen<\/a><\/p>\n","protected":false},"author":14497,"featured_media":404313,"comment_status":"open","ping_status":"closed","sticky":false,"template":"","format":"standard","meta":{"ub_ctt_via":"","footnotes":""},"categories":[6],"tags":[60],"class_list":["post-404318","post","type-post","status-publish","format-standard","has-post-thumbnail","hentry","category-nachrichten","tag-atlanta-hawks","no-featured-image-padding","resize-featured-image"],"featured_image_src":"https:\/\/www.nbamaniacs.com\/de\/wp-content\/uploads\/2025\/06\/max-dominiert-auf-dem-court.jpg","author_info":{"display_name":"Niko Jens Schwann","author_link":"https:\/\/www.nbamaniacs.com\/de\/autor\/niko-jens-schwann\/"},"_links":{"self":[{"href":"https:\/\/www.nbamaniacs.com\/de\/wp-json\/wp\/v2\/posts\/404318","targetHints":{"allow":["GET"]}}],"collection":[{"href":"https:\/\/www.nbamaniacs.com\/de\/wp-json\/wp\/v2\/posts"}],"about":[{"href":"https:\/\/www.nbamaniacs.com\/de\/wp-json\/wp\/v2\/types\/post"}],"author":[{"embeddable":true,"href":"https:\/\/www.nbamaniacs.com\/de\/wp-json\/wp\/v2\/users\/14497"}],"replies":[{"embeddable":true,"href":"https:\/\/www.nbamaniacs.com\/de\/wp-json\/wp\/v2\/comments?post=404318"}],"version-history":[{"count":0,"href":"https:\/\/www.nbamaniacs.com\/de\/wp-json\/wp\/v2\/posts\/404318\/revisions"}],"wp:featuredmedia":[{"embeddable":true,"href":"https:\/\/www.nbamaniacs.com\/de\/wp-json\/wp\/v2\/media\/404313"}],"wp:attachment":[{"href":"https:\/\/www.nbamaniacs.com\/de\/wp-json\/wp\/v2\/media?parent=404318"}],"wp:term":[{"taxonomy":"category","embeddable":true,"href":"https:\/\/www.nbamaniacs.com\/de\/wp-json\/wp\/v2\/categories?post=404318"},{"taxonomy":"post_tag","embeddable":true,"href":"https:\/\/www.nbamaniacs.com\/de\/wp-json\/wp\/v2\/tags?post=404318"}],"curies":[{"name":"wp","href":"https:\/\/api.w.org\/{rel}","templated":true}]}}