{"id":404786,"date":"2024-11-21T17:00:00","date_gmt":"2024-11-21T16:00:00","guid":{"rendered":"https:\/\/www.nbamaniacs.com\/de\/nachrichten\/embiid-nennt-maxey-kritik-uebertrieben\/"},"modified":"2025-06-11T11:54:11","modified_gmt":"2025-06-11T09:54:11","slug":"embiid-nennt-maxey-kritik-uebertrieben","status":"publish","type":"post","link":"https:\/\/www.nbamaniacs.com\/de\/nachrichten\/embiid-nennt-maxey-kritik-uebertrieben\/","title":{"rendered":"Embiid nennt Maxey-Kritik \u00fcbertrieben"},"content":{"rendered":"<p>Die Philadelphia 76ers hielten am Montagabend nach einer Niederlage gegen die Miami Heat eine Teambesprechung ab. Nur zw\u00f6lf Stunden sp\u00e4ter ver\u00f6ffentlichte <em>ESPN<\/em> Details \u00fcber dieses Meeting, darunter <a href=\"https:\/\/www.nbamaniacs.com\/de\/geruchte\/maxey-fordert-embiid-heraus\/\">die angebliche R\u00fcge, die Tyrese Maxey seinem Teamkollegen und Star Joel Embiid erteilt haben soll<\/a>. Der Center bestritt den Vorfall nicht, kritisierte jedoch, dass die Informationen \u00f6ffentlich gemacht wurden und betonte, Maxeys Worte seien \u00fcbertrieben dargestellt worden.<\/p>\n<p>\u201eWer auch immer das geleakt hat, ist ein echtes St\u00fcck S**t\u201c, erkl\u00e4rte Embiid unverbl\u00fcmt laut <em>The Philadelphia Inquirer<\/em>-Reporterin Gina Mizell. \u201eWir haben \u00fcber viele Dinge [w\u00e4hrend des Meetings] geredet. Ich will nicht ins Detail gehen, aber diese ganze Geschichte [mit Maxey] hat wahrscheinlich 30 Sekunden in Anspruch genommen. Aber wieder einmal ist es Joel Embiid, also muss alles aus dem Kontext gerissen werden. So ist das eben. Am Ende bin immer ich es. Ich bin an allem schuld, also \u00fcbernehme ich die Verantwortung f\u00fcr alles.\u201c<\/p>\n<p>Fr\u00fcher in dieser Woche wurde berichtet, dass Maxey Embiid vorgeworfen habe, er gebe ein schlechtes Vorbild f\u00fcr den Rest des Teams ab, unter anderem weil er zu Trainingseinheiten und anderen Teamaktivit\u00e4ten zu sp\u00e4t komme. Der MVP von 2023 wurde nach dem Leak auch zu seiner Beziehung zu Maxey befragt.<\/p>\n<p>\u201eSo ist unsere Beziehung, kein b\u00f6ses Blut\u201c, antwortete Embiid. \u201eIch mag es, wenn mir gesagt wird, dass ich nicht gut spiele oder was ich besser machen muss. Auch wenn dieses Ganze [zu sp\u00e4t zum Training kommen] vielleicht nur ein- oder zweimal vorgekommen ist, als ich nicht gespielt habe \u2026 Ich muss besser sein. Ich muss perfekt sein. Ich muss dieses Level erreichen, und genau das werde ich tun. So wie ich es immer gemacht habe.\u201c<\/p>\n<p>Am Mittwoch konnten sich die 76ers gegen die Memphis Grizzlies auf ihre <em>Big Three<\/em> verlassen. Dennoch kassierte <a href=\"https:\/\/www.nbamaniacs.com\/de\/nachrichten\/76ers-krise-haelt-an-george-verletzt-bei-naechster-pleite\/\">das Team von Nick Nurse seine f\u00fcnfte Niederlage in Folge<\/a> und rutschte mit einer 2-12-Bilanz ans Tabellenende der Eastern Conference. Zu allem \u00dcberfluss musste Paul George das Spiel aufgrund einer Knieverletzung verlassen. Laut Embiid konnten die 76ers einige der Anpassungen umsetzen, die sie in der Teambesprechung am Montag verabredet hatten, doch sie sind noch weit davon entfernt, wirklich zu harmonieren.<\/p>\n<p>\u201eWir haben \u00fcber viele Dinge gesprochen\u201c, sagte Embiid. \u201eManchmal setzen wir das um, was wir besprochen haben, und manchmal nicht. Im Moment haben wir keinen gro\u00dfen Spielraum f\u00fcr Fehler, also m\u00fcssen wir bei allem, was wir auf beiden Seiten des Feldes tun, perfekt sein.\u201c<\/p>\n<p><em>(Titelbild von Mitchell Leff\/Getty Images)<\/em><\/p>\n","protected":false},"excerpt":{"rendered":"<p>Die Philadelphia 76ers hielten am Montagabend nach einer Niederlage gegen die Miami Heat eine Teambesprechung ab. Nur zw\u00f6lf Stunden sp\u00e4ter ver\u00f6ffentlichte ESPN Details \u00fcber dieses &#8230; <a title=\"Embiid nennt Maxey-Kritik \u00fcbertrieben\" class=\"read-more\" href=\"https:\/\/www.nbamaniacs.com\/de\/nachrichten\/embiid-nennt-maxey-kritik-uebertrieben\/\" aria-label=\"Mehr Informationen \u00fcber Embiid nennt Maxey-Kritik \u00fcbertrieben\">Mehr lesen<\/a><\/p>\n","protected":false},"author":14497,"featured_media":404773,"comment_status":"open","ping_status":"closed","sticky":false,"template":"","format":"standard","meta":{"ub_ctt_via":"","footnotes":""},"categories":[6],"tags":[1685,547,3915,4102],"class_list":["post-404786","post","type-post","status-publish","format-standard","has-post-thumbnail","hentry","category-nachrichten","tag-joel-embiid","tag-philadelphia-76ers","tag-sixers","tag-tyrese-maxey","no-featured-image-padding","resize-featured-image"],"featured_image_src":"https:\/\/www.nbamaniacs.com\/de\/wp-content\/uploads\/2025\/06\/spanien-bleibt-stumm-keine-headline-gefunden.jpg","author_info":{"display_name":"Niko Jens Schwann","author_link":"https:\/\/www.nbamaniacs.com\/de\/autor\/niko-jens-schwann\/"},"_links":{"self":[{"href":"https:\/\/www.nbamaniacs.com\/de\/wp-json\/wp\/v2\/posts\/404786","targetHints":{"allow":["GET"]}}],"collection":[{"href":"https:\/\/www.nbamaniacs.com\/de\/wp-json\/wp\/v2\/posts"}],"about":[{"href":"https:\/\/www.nbamaniacs.com\/de\/wp-json\/wp\/v2\/types\/post"}],"author":[{"embeddable":true,"href":"https:\/\/www.nbamaniacs.com\/de\/wp-json\/wp\/v2\/users\/14497"}],"replies":[{"embeddable":true,"href":"https:\/\/www.nbamaniacs.com\/de\/wp-json\/wp\/v2\/comments?post=404786"}],"version-history":[{"count":1,"href":"https:\/\/www.nbamaniacs.com\/de\/wp-json\/wp\/v2\/posts\/404786\/revisions"}],"predecessor-version":[{"id":410673,"href":"https:\/\/www.nbamaniacs.com\/de\/wp-json\/wp\/v2\/posts\/404786\/revisions\/410673"}],"wp:featuredmedia":[{"embeddable":true,"href":"https:\/\/www.nbamaniacs.com\/de\/wp-json\/wp\/v2\/media\/404773"}],"wp:attachment":[{"href":"https:\/\/www.nbamaniacs.com\/de\/wp-json\/wp\/v2\/media?parent=404786"}],"wp:term":[{"taxonomy":"category","embeddable":true,"href":"https:\/\/www.nbamaniacs.com\/de\/wp-json\/wp\/v2\/categories?post=404786"},{"taxonomy":"post_tag","embeddable":true,"href":"https:\/\/www.nbamaniacs.com\/de\/wp-json\/wp\/v2\/tags?post=404786"}],"curies":[{"name":"wp","href":"https:\/\/api.w.org\/{rel}","templated":true}]}}