{"id":404823,"date":"2024-11-21T07:00:00","date_gmt":"2024-11-21T06:00:00","guid":{"rendered":"https:\/\/www.nbamaniacs.com\/de\/nachrichten\/76ers-krise-haelt-an-george-verletzt-bei-naechster-pleite\/"},"modified":"2025-06-11T11:54:21","modified_gmt":"2025-06-11T09:54:21","slug":"76ers-krise-haelt-an-george-verletzt-bei-naechster-pleite","status":"publish","type":"post","link":"https:\/\/www.nbamaniacs.com\/de\/nachrichten\/76ers-krise-haelt-an-george-verletzt-bei-naechster-pleite\/","title":{"rendered":"76ers-Krise h\u00e4lt an: George verletzt bei n\u00e4chster Pleite"},"content":{"rendered":"<p>Als es so aussah, dass die Verletzungssorgen der 76ers endlich abklingen w\u00fcrden, wurde es f\u00fcr das Team aus Pennsylvania doch wieder kompliziert. Gleich in den fr\u00fchen Morgenstunden musste Paul George im Spiel gegen die Grizzlies das Parkett verlassen, nachdem er sich eine \u00dcberstreckung im linken Knie zuzog \u2013 demselben Knie <a href=\"https:\/\/www.nbamaniacs.com\/de\/nachrichten\/katastrophe-in-philly-paul-george-faellt-auch-aus\/\">das er in der Preseason verletzt hatte<\/a>, wodurch er die ersten f\u00fcnf Spiele der Saison verpasste. Damit schlug bei Nurse\u2019 Truppe erneut Alarm, und George konnte nicht ins Geschehen zur\u00fcckkehren.<\/p>\n<p>Nach der Partie wurde der Head Coach darauf angesprochen, ob der Forward eine strukturelle Sch\u00e4digung erlitten habe. Er erkl\u00e4rte: \u201eMan sagte mir, es sei dasselbe wie beim letzten Mal, also eine Knochenprellung, wenn ich mich nicht irre. Er war eigentlich schon kurz davor, wieder reinzukommen, aber dann sp\u00fcrte er eine Steifheit und wir entschieden uns dagegen. Wir m\u00fcssen den Bereich genauer untersuchen, um sicherzugehen.\u201c<\/p>\n<p>Kurioserweise war es das erste Saisonspiel, in dem die 76ers auf Joel Embiid, Paul George und Tyrese Maxey gemeinsam setzen konnten. Doch kaum war die H\u00e4lfte der Partie gespielt, fiel wieder ein Mitglied ihrer Big 3 aus. Zusammen mit dem schwierigen Abend des Point Guards stand der Center aus Kamerun weitgehend allein da, was das Team aus Pennsylvania zur n\u00e4chsten Niederlage f\u00fchrte und den brutalen Saisonstart fortsetzt.<\/p>\n<h2 class=\"wp-block-heading\">2-12<\/h2>\n<p>Embiid, der mit 35 Punkten und 11 Rebounds seine bisher beste Vorstellung seit seiner R\u00fcckkehr zeigte, war der einzige Lichtblick. Dennoch gab es wenig zu feiern an einem Abend, an dem Philadelphia mit einer Bilanz von 2\u201312 auf den letzten Platz abrutschte und sogar hinter die Washington Wizards fiel. Egal, wie gn\u00e4dig die Eastern Conference ist: Diese Zahlen bedeuten, dass ein deutlicher Schub unverzichtbar ist, um wieder in Reichweite zu kommen.<\/p>\n<p>Obendrein kann diesmal nicht einmal das Verletzungspech als Ausrede herhalten, denn die Grizzlies traten mit einem noch st\u00e4rker ausged\u00fcnnten Kader an. Ohne Ja Morant, Marcus Smart, Zach Edey oder G.G. Jackson und weitere Spieler musste Taylor Jenkins improvisieren, doch es reichte. Sechs Akteure punkteten zweistellig, angef\u00fchrt von Jaren Jackson Jr. mit 25 Z\u00e4hlern und Desmond Bane mit 21. Memphis baute im Schlussviertel sogar eine 19-Punkte-F\u00fchrung auf und hatte das Spiel damit so gut wie in der Tasche. Zwar setzten die 76ers zu einer sp\u00e4ten Aufholjagd an, doch es war zu wenig, zu sp\u00e4t, um eine weitere Pleite zu verhindern.<\/p>\n<p><em>(Titelbild: Harry How\/Getty Images)<\/em><\/p>\n","protected":false},"excerpt":{"rendered":"<p>Als es so aussah, dass die Verletzungssorgen der 76ers endlich abklingen w\u00fcrden, wurde es f\u00fcr das Team aus Pennsylvania doch wieder kompliziert. Gleich in den &#8230; <a title=\"76ers-Krise h\u00e4lt an: George verletzt bei n\u00e4chster Pleite\" class=\"read-more\" href=\"https:\/\/www.nbamaniacs.com\/de\/nachrichten\/76ers-krise-haelt-an-george-verletzt-bei-naechster-pleite\/\" aria-label=\"Mehr Informationen \u00fcber 76ers-Krise h\u00e4lt an: George verletzt bei n\u00e4chster Pleite\">Mehr lesen<\/a><\/p>\n","protected":false},"author":14497,"featured_media":404799,"comment_status":"open","ping_status":"closed","sticky":false,"template":"","format":"standard","meta":{"ub_ctt_via":"","footnotes":""},"categories":[6],"tags":[4413,3793,1685,86,463,547,4102],"class_list":["post-404823","post","type-post","status-publish","format-standard","has-post-thumbnail","hentry","category-nachrichten","tag-desmond-bane","tag-jaren-jackson-jr","tag-joel-embiid","tag-memphis-grizzlies","tag-paul-george","tag-philadelphia-76ers","tag-tyrese-maxey","no-featured-image-padding","resize-featured-image"],"featured_image_src":"https:\/\/www.nbamaniacs.com\/de\/wp-content\/uploads\/2025\/06\/paul-george-erobert-platz-1.jpg","author_info":{"display_name":"Niko Jens Schwann","author_link":"https:\/\/www.nbamaniacs.com\/de\/autor\/niko-jens-schwann\/"},"_links":{"self":[{"href":"https:\/\/www.nbamaniacs.com\/de\/wp-json\/wp\/v2\/posts\/404823","targetHints":{"allow":["GET"]}}],"collection":[{"href":"https:\/\/www.nbamaniacs.com\/de\/wp-json\/wp\/v2\/posts"}],"about":[{"href":"https:\/\/www.nbamaniacs.com\/de\/wp-json\/wp\/v2\/types\/post"}],"author":[{"embeddable":true,"href":"https:\/\/www.nbamaniacs.com\/de\/wp-json\/wp\/v2\/users\/14497"}],"replies":[{"embeddable":true,"href":"https:\/\/www.nbamaniacs.com\/de\/wp-json\/wp\/v2\/comments?post=404823"}],"version-history":[{"count":1,"href":"https:\/\/www.nbamaniacs.com\/de\/wp-json\/wp\/v2\/posts\/404823\/revisions"}],"predecessor-version":[{"id":410677,"href":"https:\/\/www.nbamaniacs.com\/de\/wp-json\/wp\/v2\/posts\/404823\/revisions\/410677"}],"wp:featuredmedia":[{"embeddable":true,"href":"https:\/\/www.nbamaniacs.com\/de\/wp-json\/wp\/v2\/media\/404799"}],"wp:attachment":[{"href":"https:\/\/www.nbamaniacs.com\/de\/wp-json\/wp\/v2\/media?parent=404823"}],"wp:term":[{"taxonomy":"category","embeddable":true,"href":"https:\/\/www.nbamaniacs.com\/de\/wp-json\/wp\/v2\/categories?post=404823"},{"taxonomy":"post_tag","embeddable":true,"href":"https:\/\/www.nbamaniacs.com\/de\/wp-json\/wp\/v2\/tags?post=404823"}],"curies":[{"name":"wp","href":"https:\/\/api.w.org\/{rel}","templated":true}]}}