{"id":405077,"date":"2024-11-08T22:00:00","date_gmt":"2024-11-08T21:00:00","guid":{"rendered":"https:\/\/www.nbamaniacs.com\/de\/nachrichten\/jordan-hawkins-faellt-mindestens-eine-woche-aus\/"},"modified":"2024-11-08T22:00:00","modified_gmt":"2024-11-08T21:00:00","slug":"jordan-hawkins-faellt-mindestens-eine-woche-aus","status":"publish","type":"post","link":"https:\/\/www.nbamaniacs.com\/de\/nachrichten\/jordan-hawkins-faellt-mindestens-eine-woche-aus\/","title":{"rendered":"Jordan Hawkins f\u00e4llt mindestens eine Woche aus"},"content":{"rendered":"<p>Jordan Hawkins hat sich eine Verletzung im unteren R\u00fccken zugezogen, die ihn nach Angaben der New Orleans Pelicans f\u00fcr ein bis zwei Wochen au\u00dfer Gefecht setzt. Der <em>Sophomore<\/em> hat bereits mit seinem Rehabilitationsprozess begonnen, um innerhalb dieses Zeitraums wieder einsatzbereit zu sein.<\/p>\n<p>Der ehemalige UConn-Star bestritt in der vergangenen Saison insgesamt 67 Partien, nachdem er beim <a href=\"https:\/\/www.nbamaniacs.com\/noticias\/lista-draft-nba-2023\/\">Draft 2023<\/a> an 14. Stelle ausgew\u00e4hlt worden war. Er erzielte durchschnittlich 7,8 Punkte und 2,2 Rebounds in 17,3 Minuten pro Spiel. In dieser Spielzeit hat sich seine Rolle durch die Verletzungswelle im Kader vergr\u00f6\u00dfert. Er nimmt diese Herausforderung an und kommt in den bislang acht Eins\u00e4tzen auf 16,3 Punkte, wobei er dreimal in der Startformation stand.<\/p>\n<p>Der Shooting Guard verpasste das Duell am Montag gegen Portland aufgrund von R\u00fcckenschmerzen und wurde f\u00fcr das Spiel am Mittwoch gegen die Cavaliers als fraglich gef\u00fchrt. Letztlich stand er 19 Minuten auf dem Parkett, traf aber nur einen seiner sieben W\u00fcrfe aus dem Feld.<\/p>\n<p>Hawkins reiht sich nun in die ohnehin schon prall gef\u00fcllte Verletztenliste der Pelicans ein, zu der Dejounte Murray, Trey Murphy, C.J. McCollum und Herbert Jones geh\u00f6ren. New Orleans hat in der kommenden Woche vier Partien auf dem Programm. Hawkins k\u00f6nnte bis zu sieben Begegnungen verpassen, falls er am 22. November zur\u00fcckkehrt \u2013 passend zum Duell mit den Golden State Warriors.<\/p>\n<p><em>(Cover photo by Sean Gardner\/Getty Images)<\/em><\/p>\n","protected":false},"excerpt":{"rendered":"<p>Jordan Hawkins hat sich eine Verletzung im unteren R\u00fccken zugezogen, die ihn nach Angaben der New Orleans Pelicans f\u00fcr ein bis zwei Wochen au\u00dfer Gefecht &#8230; <a title=\"Jordan Hawkins f\u00e4llt mindestens eine Woche aus\" class=\"read-more\" href=\"https:\/\/www.nbamaniacs.com\/de\/nachrichten\/jordan-hawkins-faellt-mindestens-eine-woche-aus\/\" aria-label=\"Mehr Informationen \u00fcber Jordan Hawkins f\u00e4llt mindestens eine Woche aus\">Mehr lesen<\/a><\/p>\n","protected":false},"author":14497,"featured_media":405070,"comment_status":"open","ping_status":"closed","sticky":false,"template":"","format":"standard","meta":{"ub_ctt_via":"","footnotes":""},"categories":[6],"tags":[1328],"class_list":["post-405077","post","type-post","status-publish","format-standard","has-post-thumbnail","hentry","category-nachrichten","tag-new-orleans-pelicans","no-featured-image-padding","resize-featured-image"],"featured_image_src":"https:\/\/www.nbamaniacs.com\/de\/wp-content\/uploads\/2025\/06\/bayern-gewinnt-ohne-spanischen-kommentar.jpg","author_info":{"display_name":"Niko Jens Schwann","author_link":"https:\/\/www.nbamaniacs.com\/de\/autor\/niko-jens-schwann\/"},"_links":{"self":[{"href":"https:\/\/www.nbamaniacs.com\/de\/wp-json\/wp\/v2\/posts\/405077","targetHints":{"allow":["GET"]}}],"collection":[{"href":"https:\/\/www.nbamaniacs.com\/de\/wp-json\/wp\/v2\/posts"}],"about":[{"href":"https:\/\/www.nbamaniacs.com\/de\/wp-json\/wp\/v2\/types\/post"}],"author":[{"embeddable":true,"href":"https:\/\/www.nbamaniacs.com\/de\/wp-json\/wp\/v2\/users\/14497"}],"replies":[{"embeddable":true,"href":"https:\/\/www.nbamaniacs.com\/de\/wp-json\/wp\/v2\/comments?post=405077"}],"version-history":[{"count":0,"href":"https:\/\/www.nbamaniacs.com\/de\/wp-json\/wp\/v2\/posts\/405077\/revisions"}],"wp:featuredmedia":[{"embeddable":true,"href":"https:\/\/www.nbamaniacs.com\/de\/wp-json\/wp\/v2\/media\/405070"}],"wp:attachment":[{"href":"https:\/\/www.nbamaniacs.com\/de\/wp-json\/wp\/v2\/media?parent=405077"}],"wp:term":[{"taxonomy":"category","embeddable":true,"href":"https:\/\/www.nbamaniacs.com\/de\/wp-json\/wp\/v2\/categories?post=405077"},{"taxonomy":"post_tag","embeddable":true,"href":"https:\/\/www.nbamaniacs.com\/de\/wp-json\/wp\/v2\/tags?post=405077"}],"curies":[{"name":"wp","href":"https:\/\/api.w.org\/{rel}","templated":true}]}}