{"id":405134,"date":"2024-11-05T22:10:06","date_gmt":"2024-11-05T21:10:06","guid":{"rendered":"https:\/\/www.nbamaniacs.com\/de\/nachrichten\/aaron-gordon-faellt-wochenlang-aus\/"},"modified":"2024-11-05T22:10:06","modified_gmt":"2024-11-05T21:10:06","slug":"aaron-gordon-faellt-wochenlang-aus","status":"publish","type":"post","link":"https:\/\/www.nbamaniacs.com\/de\/nachrichten\/aaron-gordon-faellt-wochenlang-aus\/","title":{"rendered":"Aaron Gordon f\u00e4llt wochenlang aus"},"content":{"rendered":"<p>Denver Nuggets-Forward Aaron Gordon wird \u201emehrere Wochen\u201c fehlen, w\u00e4hrend er sich von einer Muskelzerrung im rechten Bein erholt. Das berichtet ESPN-Reporter Shams Charania.<\/p>\n<p>Gordon stand am Montag gegen die Toronto Raptors bis kurz vor Spielbeginn auf der Kippe, weil seine rechte Wade angeschwollen war. Letztlich erhielt er medizinisches gr\u00fcnes Licht, kam jedoch auf nur vier Einsatzminuten. Laut Charania ist seine Prognose schlimmer, als Head Coach Michael Malone und sein Stab urspr\u00fcnglich vermutet hatten.<\/p>\n<p>Jamal Murray hat ebenfalls die letzten zwei Partien verpasst, nachdem er ins Concussion-Protokoll der NBA aufgenommen wurde. Damit fehlen der Colorado-Truppe innerhalb einer Woche gleich zwei Starter. Das sind harte R\u00fcckschl\u00e4ge f\u00fcr ein Team, dessen ohnehin begrenzte Kadertiefe schon jetzt eine gro\u00dfe Achillesferse ist.<\/p>\n<p>Gordon, der f\u00fcr Denver auf beiden Seiten des Feldes immer wichtiger wird, legt aktuell 17,5 Punkte, 7,8 Rebounds und 3,5 Assists auf. Kurz vor Saisonbeginn unterschrieb er einen Vierjahresvertrag \u00fcber 133 Millionen Dollar.<\/p>\n<p>Nun m\u00fcssen die jungen Spieler Christian Braun, Julian Strawther, Peyton Watson, Hunter Tyson und Zeke Nnaji zus\u00e4tzliche Minuten \u00fcbernehmen, um den Ausfall zweier Leistungstr\u00e4ger aufzufangen.<\/p>\n<p><em>(Cover photo by David Berding\/Getty Images)<\/em><\/p>\n","protected":false},"excerpt":{"rendered":"<p>Denver Nuggets-Forward Aaron Gordon wird \u201emehrere Wochen\u201c fehlen, w\u00e4hrend er sich von einer Muskelzerrung im rechten Bein erholt. Das berichtet ESPN-Reporter Shams Charania. Gordon stand &#8230; <a title=\"Aaron Gordon f\u00e4llt wochenlang aus\" class=\"read-more\" href=\"https:\/\/www.nbamaniacs.com\/de\/nachrichten\/aaron-gordon-faellt-wochenlang-aus\/\" aria-label=\"Mehr Informationen \u00fcber Aaron Gordon f\u00e4llt wochenlang aus\">Mehr lesen<\/a><\/p>\n","protected":false},"author":14497,"featured_media":405124,"comment_status":"open","ping_status":"closed","sticky":false,"template":"","format":"standard","meta":{"ub_ctt_via":"","footnotes":""},"categories":[6],"tags":[1487,23],"class_list":["post-405134","post","type-post","status-publish","format-standard","has-post-thumbnail","hentry","category-nachrichten","tag-aaron-gordon","tag-denver-nuggets","no-featured-image-padding","resize-featured-image"],"featured_image_src":"https:\/\/www.nbamaniacs.com\/de\/wp-content\/uploads\/2025\/06\/lakers-st-urmen-zum-sieg-im-overtime-krimi.jpg","author_info":{"display_name":"Niko Jens Schwann","author_link":"https:\/\/www.nbamaniacs.com\/de\/autor\/niko-jens-schwann\/"},"_links":{"self":[{"href":"https:\/\/www.nbamaniacs.com\/de\/wp-json\/wp\/v2\/posts\/405134","targetHints":{"allow":["GET"]}}],"collection":[{"href":"https:\/\/www.nbamaniacs.com\/de\/wp-json\/wp\/v2\/posts"}],"about":[{"href":"https:\/\/www.nbamaniacs.com\/de\/wp-json\/wp\/v2\/types\/post"}],"author":[{"embeddable":true,"href":"https:\/\/www.nbamaniacs.com\/de\/wp-json\/wp\/v2\/users\/14497"}],"replies":[{"embeddable":true,"href":"https:\/\/www.nbamaniacs.com\/de\/wp-json\/wp\/v2\/comments?post=405134"}],"version-history":[{"count":0,"href":"https:\/\/www.nbamaniacs.com\/de\/wp-json\/wp\/v2\/posts\/405134\/revisions"}],"wp:featuredmedia":[{"embeddable":true,"href":"https:\/\/www.nbamaniacs.com\/de\/wp-json\/wp\/v2\/media\/405124"}],"wp:attachment":[{"href":"https:\/\/www.nbamaniacs.com\/de\/wp-json\/wp\/v2\/media?parent=405134"}],"wp:term":[{"taxonomy":"category","embeddable":true,"href":"https:\/\/www.nbamaniacs.com\/de\/wp-json\/wp\/v2\/categories?post=405134"},{"taxonomy":"post_tag","embeddable":true,"href":"https:\/\/www.nbamaniacs.com\/de\/wp-json\/wp\/v2\/tags?post=405134"}],"curies":[{"name":"wp","href":"https:\/\/api.w.org\/{rel}","templated":true}]}}