{"id":405136,"date":"2024-11-06T07:15:00","date_gmt":"2024-11-06T06:15:00","guid":{"rendered":"https:\/\/www.nbamaniacs.com\/de\/nachrichten\/nba-sperrt-joel-embiid-fuer-drei-spiele\/"},"modified":"2025-06-11T11:56:44","modified_gmt":"2025-06-11T09:56:44","slug":"nba-sperrt-joel-embiid-fuer-drei-spiele","status":"publish","type":"post","link":"https:\/\/www.nbamaniacs.com\/de\/nachrichten\/nba-sperrt-joel-embiid-fuer-drei-spiele\/","title":{"rendered":"NBA sperrt Joel Embiid f\u00fcr drei Spiele"},"content":{"rendered":"<p>Joel Embiids Start in die Saison ist desastr\u00f6s. Zuerst wurde er aus der <a href=\"https:\/\/www.nbamaniacs.com\/de\/nachrichten\/embiid-verpasst-die-gesamte-preseason\/\">Preseason<\/a> herausgehalten, dann gab das Team bekannt, dass er nicht bei Back-to-backs spielen w\u00fcrde (was zu einer Geldstrafe f\u00fchrte). Und jetzt hat er bereits sechs Spiele der regul\u00e4ren Saison verpasst, ohne einmal auf dem Parkett zu stehen \u2013 w\u00e4hrend Philadelphia in der Eastern Conference abrutscht. Denkst du, das war genug? Anscheinend nicht, denn eine Auseinandersetzung mit einem Reporter, bei der er diesen schubste, hat Embiid nun eine Drei-Spiele-Sperre durch die NBA eingebracht.<\/p>\n<p>Der Vorfall ereignete sich direkt nach dem Spiel der 76ers gegen die Memphis Grizzlies, als der Kolumnist Marcus Hayes vom Philadelphia Inquirer auf den Big Man traf. Embiid war ver\u00e4rgert \u00fcber eine Kolumne, in der Hayes sowohl seinen Sohn als auch seinen verstorbenen Bruder\u2014beide namens Arthur\u2014erw\u00e4hnte und dazu Embiids Professionalit\u00e4t und seinen Einsatz f\u00fcr die eigene Fitness infrage stellte. Zuerst tauschte Embiid Worte mit Hayes aus, dann schubste er ihn. Die NBA ist der Meinung, so ein k\u00f6rperlicher Zwischenfall d\u00fcrfe nie vorkommen.<\/p>\n<figure class=\"wp-block-embed is-type-wp-embed is-provider-nbamaniacs wp-block-embed-nbamaniacs\">\n<div class=\"wp-block-embed__wrapper\">\n<blockquote class=\"wp-embedded-content\" data-secret=\"zFud0DJL66\">\n<p><a href=\"https:\/\/www.nbamaniacs.com\/de\/nachrichten\/nba-ermittelt-gegen-joel-embiid\/\">Joel Embiid under investigation<\/a><\/p>\n<\/blockquote>\n<p><iframe class=\"wp-embedded-content\" sandbox=\"allow-scripts\" security=\"restricted\" style=\"position: absolute; visibility: hidden;\" title=\"\u00abJoel Embiid, bajo investigaci\u00f3n\u00bb \u2014 NBAManiacs\" src=\"https:\/\/www.nbamaniacs.com\/de\/nachrichten\/nba-ermittelt-gegen-joel-embiid\/embed\/#?secret=bG1ee7vOpv#?secret=zFud0DJL66\" data-secret=\"zFud0DJL66\" width=\"600\" height=\"338\" frameborder=\"0\" marginwidth=\"0\" marginheight=\"0\" scrolling=\"no\"><\/iframe>\n<\/div>\n<\/figure>\n<p>\u201eGegenseitiger Respekt ist essenziell f\u00fcr die Beziehung zwischen Spielern und den Medien in der NBA. Auch wenn wir verstehen, dass Joel durch die pers\u00f6nliche Note in der Kolumne beleidigt war, m\u00fcssen Interaktionen auf beiden Seiten professionell bleiben und d\u00fcrfen niemals k\u00f6rperlich werden\u201c, sagte Joe Dumars, Executive Vice President und Head of Basketball Operations der Liga, in einer Stellungnahme.<\/p>\n<p>Wie erw\u00e4hnt, ist dies nur ein weiteres Kapitel in einer Saison, in der Embiid v\u00f6llig abwesend wirkt. Kurz vor dem Trainingscamp erkl\u00e4rte er, sein einziges Ziel sei, gesund in die Playoffs zu kommen. Bei seiner Verletzungshistorie ist das zwar durchaus sinnvoll, aber es k\u00f6nnte passieren, dass die Sixers die Postseason gar nicht erreichen.<\/p>\n<p><em>(Photo by Mitchell Leff\/Getty Images)<\/em><\/p>\n","protected":false},"excerpt":{"rendered":"<p>Joel Embiids Start in die Saison ist desastr\u00f6s. Zuerst wurde er aus der Preseason herausgehalten, dann gab das Team bekannt, dass er nicht bei Back-to-backs &#8230; <a title=\"NBA sperrt Joel Embiid f\u00fcr drei Spiele\" class=\"read-more\" href=\"https:\/\/www.nbamaniacs.com\/de\/nachrichten\/nba-sperrt-joel-embiid-fuer-drei-spiele\/\" aria-label=\"Mehr Informationen \u00fcber NBA sperrt Joel Embiid f\u00fcr drei Spiele\">Mehr lesen<\/a><\/p>\n","protected":false},"author":14497,"featured_media":405122,"comment_status":"open","ping_status":"closed","sticky":false,"template":"","format":"standard","meta":{"ub_ctt_via":"","footnotes":""},"categories":[6],"tags":[1685,547],"class_list":["post-405136","post","type-post","status-publish","format-standard","has-post-thumbnail","hentry","category-nachrichten","tag-joel-embiid","tag-philadelphia-76ers","no-featured-image-padding","resize-featured-image"],"featured_image_src":"https:\/\/www.nbamaniacs.com\/de\/wp-content\/uploads\/2025\/06\/keine-spanische-headline-zur-bersetzung-verf-ugbar-2.jpg","author_info":{"display_name":"Niko Jens Schwann","author_link":"https:\/\/www.nbamaniacs.com\/de\/autor\/niko-jens-schwann\/"},"_links":{"self":[{"href":"https:\/\/www.nbamaniacs.com\/de\/wp-json\/wp\/v2\/posts\/405136","targetHints":{"allow":["GET"]}}],"collection":[{"href":"https:\/\/www.nbamaniacs.com\/de\/wp-json\/wp\/v2\/posts"}],"about":[{"href":"https:\/\/www.nbamaniacs.com\/de\/wp-json\/wp\/v2\/types\/post"}],"author":[{"embeddable":true,"href":"https:\/\/www.nbamaniacs.com\/de\/wp-json\/wp\/v2\/users\/14497"}],"replies":[{"embeddable":true,"href":"https:\/\/www.nbamaniacs.com\/de\/wp-json\/wp\/v2\/comments?post=405136"}],"version-history":[{"count":1,"href":"https:\/\/www.nbamaniacs.com\/de\/wp-json\/wp\/v2\/posts\/405136\/revisions"}],"predecessor-version":[{"id":410734,"href":"https:\/\/www.nbamaniacs.com\/de\/wp-json\/wp\/v2\/posts\/405136\/revisions\/410734"}],"wp:featuredmedia":[{"embeddable":true,"href":"https:\/\/www.nbamaniacs.com\/de\/wp-json\/wp\/v2\/media\/405122"}],"wp:attachment":[{"href":"https:\/\/www.nbamaniacs.com\/de\/wp-json\/wp\/v2\/media?parent=405136"}],"wp:term":[{"taxonomy":"category","embeddable":true,"href":"https:\/\/www.nbamaniacs.com\/de\/wp-json\/wp\/v2\/categories?post=405136"},{"taxonomy":"post_tag","embeddable":true,"href":"https:\/\/www.nbamaniacs.com\/de\/wp-json\/wp\/v2\/tags?post=405136"}],"curies":[{"name":"wp","href":"https:\/\/api.w.org\/{rel}","templated":true}]}}