{"id":405203,"date":"2024-11-03T21:03:08","date_gmt":"2024-11-03T20:03:08","guid":{"rendered":"https:\/\/www.nbamaniacs.com\/de\/nachrichten\/nba-ermittelt-gegen-joel-embiid\/"},"modified":"2025-06-11T11:57:02","modified_gmt":"2025-06-11T09:57:02","slug":"nba-ermittelt-gegen-joel-embiid","status":"publish","type":"post","link":"https:\/\/www.nbamaniacs.com\/de\/nachrichten\/nba-ermittelt-gegen-joel-embiid\/","title":{"rendered":"NBA ermittelt gegen Joel Embiid"},"content":{"rendered":"<p>Es gibt viele Wege, Kritik zu \u00e4u\u00dfern. Jemandes Familie als Angriffspunkt zu nutzen, sollte nie eine Option sein. Und einen verstorbenen Angeh\u00f6rigen daf\u00fcr heranzuziehen, ist noch schlimmer.<\/p>\n<p>Doch genau das tat der erfahrene Journalist <a href=\"https:\/\/x.com\/inkstainedretch\" target=\"_blank\" rel=\"nofollow\">Marcus Hayes<\/a> (derzeit beim <em>Inquirer<\/em>), um Joel Embiid anzugehen, weil dieser sein Saisondeb\u00fct noch nicht gegeben hatte (an sich eine durchaus berechtigte Kritik). Allerdings w\u00e4hlte Hayes eine extrem sensible Anspielung.<\/p>\n<p>Am 2. November ver\u00f6ffentlichte Hayes einen Meinungsartikel, in dem er Embiid kritisierte, der angeblich wieder fit war, sein Deb\u00fct aber aus Vorsicht hinausz\u00f6gerte. Ohne ihn oder Paul George, ihren hochkar\u00e4tigen Offseason-Neuzugang, der ebenfalls noch nicht gespielt hat, rutschen die 76ers im Osten mit 1\u20134 (drittletzter Platz) immer weiter ab.<\/p>\n<hr class=\"wp-block-separator has-alpha-channel-opacity\"\/>\n<p><em>VERWANDT: <a href=\"https:\/\/www.nbamaniacs.com\/de\/nachrichten\/joel-embiid-macht-klar-kein-debuet-morgen\/\"><strong>Embiid wird sein Deb\u00fct nicht \u00fcberst\u00fcrzen.<\/strong><\/a><\/em><\/p>\n<hr class=\"wp-block-separator has-alpha-channel-opacity\"\/>\n<p>In seinem Artikel stellte Hayes infrage, ob Embiid seinen riesigen Vertrag (\u00fcber 60 Millionen Dollar pro Jahr) rechtfertigt, und kritisierte, dass er die Offseason nicht zur Erholung nach der Knie-OP genutzt habe, die er nach den Olympischen Spielen in Paris (wo sich <a href=\"https:\/\/www.google.com\/search?q=team+usa+campeon+juegos+olimpicos+nbamaniacs&amp;oq=team+usa+campeon+juegos+olimpicos+nbamaniacs&amp;aqs=chrome..69i57j33i10i160.5178j1j7&amp;sourceid=chrome&amp;ie=UTF-8\" target=\"_blank\" rel=\"noopener nofollow\">Team USA durchsetzte<\/a>) hatte.<\/p>\n<p>Und in der ersten Version eines sp\u00e4ter bearbeiteten Artikels (Hayes l\u00f6schte diesen Teil nach dem ersten Aufschrei) schrieb der Journalist Folgendes:<\/p>\n<blockquote class=\"wp-block-quote is-layout-flow wp-block-quote-is-layout-flow\">\n<p><em>&#8222;Joel Embiid verweist st\u00e4ndig auf die Geburt seines Sohnes Arthur als wichtigsten Wendepunkt in seiner Karriere. Er erinnert uns immer daran, dass er Gro\u00dfes erreichen und ein bedeutendes Erbe f\u00fcr sein Kind hinterlassen will (das er Arthur nannte, in Gedenken an seinen j\u00fcngeren Bruder, der in Embiids erstem Jahr bei den 76ers tragisch ums Leben kam). Nun, wenn du in deinem Job gut sein willst, musst du zuerst erscheinen. Und Embiid tut genau das Gegenteil.&#8220;<\/em><\/p>\n<\/blockquote>\n<p>Tats\u00e4chlich hinterlie\u00df der Tod seines erst 13-j\u00e4hrigen Bruders, der ums Leben kam, als ein au\u00dfer Kontrolle geratener Lkw in eine Schule in Yaound\u00e9 krachte, in Embiid eine tiefe Wunde. Anstatt diese Erinnerung zu begraben, beschloss er, seinen ersten Sohn, der vor vier Jahren zur Welt kam, nach ihm zu benennen.<\/p>\n<blockquote class=\"instagram-media\" data-instgrm-captioned data-instgrm-permalink=\"https:\/\/www.instagram.com\/p\/uRF2wTFrqs\/?utm_source=ig_embed&amp;utm_campaign=loading\" data-instgrm-version=\"14\" style=\" background:#FFF; border:0; border-radius:3px; box-shadow:0 0 1px 0 rgba(0,0,0,0.5),0 1px 10px 0 rgba(0,0,0,0.15); margin: 1px; max-width:540px; min-width:326px; padding:0; width:99.375%; width:-webkit-calc(100% - 2px); width:calc(100% - 2px);\">\n<div style=\"padding:16px;\"> \u2026 <\/div>\n<\/blockquote>\n<p><script async src=\"\/\/www.instagram.com\/embed.js\"><\/script><\/p>\n<h2 class=\"wp-block-heading\">Ohne dass es handgreiflich wurde<\/h2>\n<p>Sobald Embiid erfuhr, was Hayes geschrieben hatte, nahm er die Sache laut <em>Associated Press<\/em> selbst in die Hand und suchte ihn nach dem Heimspiel der Sixers gegen die Grizzlies in der Umkleide auf. \u201eWenn du noch einmal etwas \u00fcber meinen Sohn oder meinen toten Bruder sagst, kriegst du es mit mir zu tun \u2026 und dann trage ich die Konsequenzen.\u201c<\/p>\n<p>Die Stimmung in diesem Aufeinandertreffen schaukelte sich schnell hoch, Stimmen wurden lauter. Mehrere Mitarbeiter der 76ers mussten einschreiten, damit es nicht eskaliert. Es wurde zudem bekannt, dass Hayes sich entschuldigen wollte, Embiid sie aber nicht akzeptierte und ihn mehrfach beleidigte. Er erinnerte ihn auch daran, dass dies \u201enicht das erste Mal\u201c sei, dass Hayes eine Grenze \u00fcberschreitet.<\/p>\n<h2 class=\"wp-block-heading\">Warten auf eine L\u00f6sung<\/h2>\n<p>Phillys <em>center<\/em> hatte den Medien tags zuvor gesagt, <a href=\"https:\/\/www.nbamaniacs.com\/de\/nachrichten\/joel-embiid-macht-klar-kein-debuet-morgen\/\">er werde seinen K\u00f6rper<\/a> nicht mehr \u00fcber die Ma\u00dfen strapazieren, so wie er es fr\u00fcher getan habe. Man sp\u00fcrte deutlich, dass ihm die st\u00e4ndigen Fragen der Reporter zusetzen.<\/p>\n<blockquote class=\"twitter-tweet\" data-media-max-width=\"560\">\n<p lang=\"en\" dir=\"ltr\">Embiid didn\u2019t hold back when he spoke at practice today. Have to say, I don\u2019t really blame him. <\/p>\n<p>Tough situation but the way a lot of people speak about him is wildly disrespectful <a href=\"https:\/\/t.co\/JX67J02IX3\" target=\"_blank\" rel=\"nofollow\">pic.twitter.com\/JX67J02IX3<\/a><\/p>\n<p>&mdash; Devan Kaney (@Devan_Kaney) <a href=\"https:\/\/twitter.com\/Devan_Kaney\/status\/1852403961820557397?ref_src=twsrc%5Etfw\" target=\"_blank\" rel=\"noopener nofollow\">November 1, 2024<\/a><\/p>\n<\/blockquote>\n<p><script async src=\"https:\/\/platform.twitter.com\/widgets.js\" charset=\"utf-8\"><\/script><\/p>\n<p>Nach diesen Vorf\u00e4llen leitete die NBA eine Untersuchung ein, um alle Details zu pr\u00fcfen und gegebenenfalls Ma\u00dfnahmen gegen den ehemaligen MVP zu ergreifen. Je nachdem, wie schwer Embiids Verhalten bewertet wird, k\u00f6nnten ihn Geldstrafen oder sogar mehrere Spiele Sperre erwarten.<\/p>\n<p>Damit erwischt es ein 76ers-Team, das eigentlich auf den Titel schielt, ziemlich hart. Nun droht ihnen, Embiid l\u00e4nger zu verlieren als gedacht. Sie brauchen ihn dringend, um diese schwierige Situation herumzurei\u00dfen.<\/p>\n<p>In der vergangenen Saison legte Joel Embiid im Schnitt 34,7 Punkte, 11 Rebounds, 1,7 Blocks und 5,6 Assists in der Regular Season auf, schaffte es aber nur auf 39 Spiele.<\/p>\n<p><em>(Titelbild: Mitchell Leff\/Getty Images)<\/em><\/p>\n","protected":false},"excerpt":{"rendered":"<p>Es gibt viele Wege, Kritik zu \u00e4u\u00dfern. Jemandes Familie als Angriffspunkt zu nutzen, sollte nie eine Option sein. Und einen verstorbenen Angeh\u00f6rigen daf\u00fcr heranzuziehen, ist &#8230; <a title=\"NBA ermittelt gegen Joel Embiid\" class=\"read-more\" href=\"https:\/\/www.nbamaniacs.com\/de\/nachrichten\/nba-ermittelt-gegen-joel-embiid\/\" aria-label=\"Mehr Informationen \u00fcber NBA ermittelt gegen Joel Embiid\">Mehr lesen<\/a><\/p>\n","protected":false},"author":14497,"featured_media":405191,"comment_status":"open","ping_status":"closed","sticky":false,"template":"","format":"standard","meta":{"ub_ctt_via":"","footnotes":""},"categories":[6],"tags":[1685,547],"class_list":["post-405203","post","type-post","status-publish","format-standard","has-post-thumbnail","hentry","category-nachrichten","tag-joel-embiid","tag-philadelphia-76ers","no-featured-image-padding","resize-featured-image"],"featured_image_src":"https:\/\/www.nbamaniacs.com\/de\/wp-content\/uploads\/2025\/06\/getty-images-stellt-2175723881-vor.jpg","author_info":{"display_name":"Niko Jens Schwann","author_link":"https:\/\/www.nbamaniacs.com\/de\/autor\/niko-jens-schwann\/"},"_links":{"self":[{"href":"https:\/\/www.nbamaniacs.com\/de\/wp-json\/wp\/v2\/posts\/405203","targetHints":{"allow":["GET"]}}],"collection":[{"href":"https:\/\/www.nbamaniacs.com\/de\/wp-json\/wp\/v2\/posts"}],"about":[{"href":"https:\/\/www.nbamaniacs.com\/de\/wp-json\/wp\/v2\/types\/post"}],"author":[{"embeddable":true,"href":"https:\/\/www.nbamaniacs.com\/de\/wp-json\/wp\/v2\/users\/14497"}],"replies":[{"embeddable":true,"href":"https:\/\/www.nbamaniacs.com\/de\/wp-json\/wp\/v2\/comments?post=405203"}],"version-history":[{"count":1,"href":"https:\/\/www.nbamaniacs.com\/de\/wp-json\/wp\/v2\/posts\/405203\/revisions"}],"predecessor-version":[{"id":410741,"href":"https:\/\/www.nbamaniacs.com\/de\/wp-json\/wp\/v2\/posts\/405203\/revisions\/410741"}],"wp:featuredmedia":[{"embeddable":true,"href":"https:\/\/www.nbamaniacs.com\/de\/wp-json\/wp\/v2\/media\/405191"}],"wp:attachment":[{"href":"https:\/\/www.nbamaniacs.com\/de\/wp-json\/wp\/v2\/media?parent=405203"}],"wp:term":[{"taxonomy":"category","embeddable":true,"href":"https:\/\/www.nbamaniacs.com\/de\/wp-json\/wp\/v2\/categories?post=405203"},{"taxonomy":"post_tag","embeddable":true,"href":"https:\/\/www.nbamaniacs.com\/de\/wp-json\/wp\/v2\/tags?post=405203"}],"curies":[{"name":"wp","href":"https:\/\/api.w.org\/{rel}","templated":true}]}}