{"id":405323,"date":"2024-10-29T20:01:12","date_gmt":"2024-10-29T19:01:12","guid":{"rendered":"https:\/\/www.nbamaniacs.com\/de\/nachrichten\/embiid-und-george-fehlen-auch-morgen\/"},"modified":"2024-10-29T20:01:12","modified_gmt":"2024-10-29T19:01:12","slug":"embiid-und-george-fehlen-auch-morgen","status":"publish","type":"post","link":"https:\/\/www.nbamaniacs.com\/de\/nachrichten\/embiid-und-george-fehlen-auch-morgen\/","title":{"rendered":"Embiid und George fehlen auch morgen"},"content":{"rendered":"<p>Es gab Erwartungen, dass Joel Embiid und Paul George an diesem Mittwoch gegen die Detroit Pistons ihr Deb\u00fct geben w\u00fcrden. Doch beide Comebacks m\u00fcssen noch warten. Die Philadelphia 76ers <a href=\"https:\/\/x.com\/DerekBodnerNBA\/status\/1851313661585015027\" target=\"_blank\" rel=\"nofollow\">gaben heute Nachmittag bekannt<\/a>, dass keiner der beiden morgen Abend aufl\u00e4uft und beide erst zum Ende der Woche erneut untersucht werden. Inzwischen sind sie nah dran an dem Tag-f\u00fcr-Tag-Status, den NBA-Verletzungsberichte als baldige R\u00fcckkehr einstufen.<\/p>\n<p>Die Situation rund um Embiid und George ist von Zweifeln \u00fcberschattet, seit die Franchise \u00fcber Daryl Morey verlauten lie\u00df, wie sie ihre Einsatzzeit regeln will. Beide erlitten w\u00e4hrend Trainingscamp und Preseason Knieprobleme. Die NBA pr\u00fcft bereits, wie wenig der Center wirklich einsatzbereit ist.<\/p>\n<p>Morgen in Philadelphia bestreiten die Sixers ihr viertes Saisonspiel und peilen ihren zweiten Sieg an. Bislang fanden sie erwartungsgem\u00e4\u00df ohne ihren Hauptstar und gr\u00f6\u00dfte Offseason-Investition\u2014vielleicht sogar langfristig\u2014noch nicht zu ihrem Rhythmus. Tyrese Maxey tr\u00e4gt eine enorme Last. Er nimmt fast 29 W\u00fcrfe und mehr als 12 Dreier pro Partie. Trotzdem zeigt Philly keine Eile.<\/p>\n<p><em>(Titelbild von Mitchell Leff und Kevin C. Cox\/Getty Images)<\/em><\/p>\n","protected":false},"excerpt":{"rendered":"<p>Es gab Erwartungen, dass Joel Embiid und Paul George an diesem Mittwoch gegen die Detroit Pistons ihr Deb\u00fct geben w\u00fcrden. Doch beide Comebacks m\u00fcssen noch &#8230; <a title=\"Embiid und George fehlen auch morgen\" class=\"read-more\" href=\"https:\/\/www.nbamaniacs.com\/de\/nachrichten\/embiid-und-george-fehlen-auch-morgen\/\" aria-label=\"Mehr Informationen \u00fcber Embiid und George fehlen auch morgen\">Mehr lesen<\/a><\/p>\n","protected":false},"author":14497,"featured_media":405314,"comment_status":"open","ping_status":"closed","sticky":false,"template":"","format":"standard","meta":{"ub_ctt_via":"","footnotes":""},"categories":[6],"tags":[1685,463,3915],"class_list":["post-405323","post","type-post","status-publish","format-standard","has-post-thumbnail","hentry","category-nachrichten","tag-joel-embiid","tag-paul-george","tag-sixers","no-featured-image-padding","resize-featured-image"],"featured_image_src":"https:\/\/www.nbamaniacs.com\/de\/wp-content\/uploads\/2025\/06\/pg-bl-uht-auf.jpg","author_info":{"display_name":"Niko Jens Schwann","author_link":"https:\/\/www.nbamaniacs.com\/de\/autor\/niko-jens-schwann\/"},"_links":{"self":[{"href":"https:\/\/www.nbamaniacs.com\/de\/wp-json\/wp\/v2\/posts\/405323","targetHints":{"allow":["GET"]}}],"collection":[{"href":"https:\/\/www.nbamaniacs.com\/de\/wp-json\/wp\/v2\/posts"}],"about":[{"href":"https:\/\/www.nbamaniacs.com\/de\/wp-json\/wp\/v2\/types\/post"}],"author":[{"embeddable":true,"href":"https:\/\/www.nbamaniacs.com\/de\/wp-json\/wp\/v2\/users\/14497"}],"replies":[{"embeddable":true,"href":"https:\/\/www.nbamaniacs.com\/de\/wp-json\/wp\/v2\/comments?post=405323"}],"version-history":[{"count":0,"href":"https:\/\/www.nbamaniacs.com\/de\/wp-json\/wp\/v2\/posts\/405323\/revisions"}],"wp:featuredmedia":[{"embeddable":true,"href":"https:\/\/www.nbamaniacs.com\/de\/wp-json\/wp\/v2\/media\/405314"}],"wp:attachment":[{"href":"https:\/\/www.nbamaniacs.com\/de\/wp-json\/wp\/v2\/media?parent=405323"}],"wp:term":[{"taxonomy":"category","embeddable":true,"href":"https:\/\/www.nbamaniacs.com\/de\/wp-json\/wp\/v2\/categories?post=405323"},{"taxonomy":"post_tag","embeddable":true,"href":"https:\/\/www.nbamaniacs.com\/de\/wp-json\/wp\/v2\/tags?post=405323"}],"curies":[{"name":"wp","href":"https:\/\/api.w.org\/{rel}","templated":true}]}}