{"id":405575,"date":"2024-10-14T19:32:00","date_gmt":"2024-10-14T17:32:00","guid":{"rendered":"https:\/\/www.nbamaniacs.com\/de\/nachrichten\/lauri-markkanen-reagiert-auf-warriors-interesse\/"},"modified":"2025-06-11T12:00:23","modified_gmt":"2025-06-11T10:00:23","slug":"lauri-markkanen-reagiert-auf-warriors-interesse","status":"publish","type":"post","link":"https:\/\/www.nbamaniacs.com\/de\/nachrichten\/lauri-markkanen-reagiert-auf-warriors-interesse\/","title":{"rendered":"Lauri Markkanen reagiert auf Warriors-Interesse"},"content":{"rendered":"<p>Unter anderen Forwards oder Power Forwards war Lauri Markkanen in den letzten Monaten h\u00e4ufig auf dem Radar der Golden State Warriors. Die Ger\u00fcchtek\u00fcche brodelte dieses Jahr besonders laut in den Wochen vor der Trade Deadline und dem Start der Free Agency. Der finnische Big Man war zwar kein Free Agent, doch seine Vertragssituation vor der Verl\u00e4ngerung im August r\u00fcckte ihn ins Rampenlicht. Nachdem sich der Staub gelegt hatte, <a href=\"https:\/\/marcstein.substack.com\/p\/sunday-conversation-lauri-markkanen\" target=\"_blank\" rel=\"noopener nofollow\">sat down<\/a> der Jazz-Leistungstr\u00e4ger mit Marc Stein, um \u00fcber seinen Deal und die entstandene Aufmerksamkeit zu sprechen. \u201eIch glaube, das bedeutet, dass du etwas richtig gemacht hast \u2013 dass andere Teams dich wollen. Aber ich konnte das alles ausblenden und lie\u00df meinen Agenten entscheiden, ob irgendetwas wirklich real war\u201c, erkl\u00e4rt er.<\/p>\n<p>Markkanen entschied sich, in Utah zu bleiben und sein Engagement dort bis 2029 zu verl\u00e4ngern. Indem er zum jetzigen Zeitpunkt unterschrieb, machte er es den Jazz zudem unm\u00f6glich, ihn mitten in der bevorstehenden Saison zu traden. \u201eNat\u00fcrlich war ich kein Free Agent, aber ich hatte die Option, den Vertrag zu unterschreiben. Ich musste nicht, aber es war etwas, das ich wollte, um beim Team zu bleiben\u201c, betont der Finne. Bevor er in Salt Lake City ankam, erlebte er eine turbulente Phase mit Wechseln von Chicago nach Cleveland und dann nach Utah in aufeinanderfolgenden Offseasons. Wahrscheinlich wollte er deshalb jegliche weitere Ungewissheit so weit wie m\u00f6glich vermeiden.<\/p>\n<figure class=\"wp-block-embed is-type-wp-embed is-provider-nbamaniacs wp-block-embed-nbamaniacs\">\n<div class=\"wp-block-embed__wrapper\">\n<blockquote class=\"wp-embedded-content\" data-secret=\"yZe9GF0SEd\">\n<p><a href=\"https:\/\/www.nbamaniacs.com\/de\/geruchte\/markkanen-verlaengert-fuenf-jahre-238-millionen-dollar\/\">Lauri Markkanen re-signs for 5 years and $238 million<\/a><\/p>\n<\/blockquote>\n<p><iframe class=\"wp-embedded-content\" sandbox=\"allow-scripts\" security=\"restricted\" style=\"position: absolute; visibility: hidden;\" title=\"\u00abLauri Markkanen re-signs for 5 years and $238 million\u00bb \u2014 NBAManiacs\" src=\"https:\/\/www.nbamaniacs.com\/de\/geruchte\/markkanen-verlaengert-fuenf-jahre-238-millionen-dollar\/embed\/#?secret=4cnG0LDXDk#?secret=yZe9GF0SEd\" data-secret=\"yZe9GF0SEd\" width=\"600\" height=\"338\" frameborder=\"0\" marginwidth=\"0\" marginheight=\"0\" scrolling=\"no\"><\/iframe>\n<\/div>\n<\/figure>\n<p>\u201eFr\u00fcher in meiner Karriere waren Trade-Ger\u00fcchte noch lauter, aber auch diesmal tauchten sie wieder auf. Es fiel mir leichter, sie zu ignorieren, als w\u00e4hrend meiner Restricted Free Agency, als ich von Chicago nach Cleveland ging. Was den Vertrag betrifft: Wir konnten vor August nichts unternehmen. Ich wusste, mein Agent w\u00fcrde sich melden, wenn ein Angebot auf dem Tisch liegen w\u00fcrde, also konnte ich entspannt mit meiner Familie Zeit verbringen und weiter trainieren\u201c, fasst er zusammen.<\/p>\n<p><em>(Titelbild von Jamie Sabau\/Getty Images)<\/em><\/p>\n","protected":false},"excerpt":{"rendered":"<p>Unter anderen Forwards oder Power Forwards war Lauri Markkanen in den letzten Monaten h\u00e4ufig auf dem Radar der Golden State Warriors. Die Ger\u00fcchtek\u00fcche brodelte dieses &#8230; <a title=\"Lauri Markkanen reagiert auf Warriors-Interesse\" class=\"read-more\" href=\"https:\/\/www.nbamaniacs.com\/de\/nachrichten\/lauri-markkanen-reagiert-auf-warriors-interesse\/\" aria-label=\"Mehr Informationen \u00fcber Lauri Markkanen reagiert auf Warriors-Interesse\">Mehr lesen<\/a><\/p>\n","protected":false},"author":14497,"featured_media":405556,"comment_status":"open","ping_status":"closed","sticky":false,"template":"","format":"standard","meta":{"ub_ctt_via":"","footnotes":""},"categories":[6],"tags":[26,3620,35],"class_list":["post-405575","post","type-post","status-publish","format-standard","has-post-thumbnail","hentry","category-nachrichten","tag-golden-state-warriors","tag-lauri-markkanen","tag-utah-jazz","no-featured-image-padding","resize-featured-image"],"featured_image_src":"https:\/\/www.nbamaniacs.com\/de\/wp-content\/uploads\/2025\/06\/keine-spanische-schlagzeile-geliefert-4.jpg","author_info":{"display_name":"Niko Jens Schwann","author_link":"https:\/\/www.nbamaniacs.com\/de\/autor\/niko-jens-schwann\/"},"_links":{"self":[{"href":"https:\/\/www.nbamaniacs.com\/de\/wp-json\/wp\/v2\/posts\/405575","targetHints":{"allow":["GET"]}}],"collection":[{"href":"https:\/\/www.nbamaniacs.com\/de\/wp-json\/wp\/v2\/posts"}],"about":[{"href":"https:\/\/www.nbamaniacs.com\/de\/wp-json\/wp\/v2\/types\/post"}],"author":[{"embeddable":true,"href":"https:\/\/www.nbamaniacs.com\/de\/wp-json\/wp\/v2\/users\/14497"}],"replies":[{"embeddable":true,"href":"https:\/\/www.nbamaniacs.com\/de\/wp-json\/wp\/v2\/comments?post=405575"}],"version-history":[{"count":1,"href":"https:\/\/www.nbamaniacs.com\/de\/wp-json\/wp\/v2\/posts\/405575\/revisions"}],"predecessor-version":[{"id":410818,"href":"https:\/\/www.nbamaniacs.com\/de\/wp-json\/wp\/v2\/posts\/405575\/revisions\/410818"}],"wp:featuredmedia":[{"embeddable":true,"href":"https:\/\/www.nbamaniacs.com\/de\/wp-json\/wp\/v2\/media\/405556"}],"wp:attachment":[{"href":"https:\/\/www.nbamaniacs.com\/de\/wp-json\/wp\/v2\/media?parent=405575"}],"wp:term":[{"taxonomy":"category","embeddable":true,"href":"https:\/\/www.nbamaniacs.com\/de\/wp-json\/wp\/v2\/categories?post=405575"},{"taxonomy":"post_tag","embeddable":true,"href":"https:\/\/www.nbamaniacs.com\/de\/wp-json\/wp\/v2\/tags?post=405575"}],"curies":[{"name":"wp","href":"https:\/\/api.w.org\/{rel}","templated":true}]}}