{"id":405581,"date":"2024-10-15T07:15:00","date_gmt":"2024-10-15T05:15:00","guid":{"rendered":"https:\/\/www.nbamaniacs.com\/de\/nachrichten\/katastrophe-in-philly-paul-george-faellt-auch-aus\/"},"modified":"2025-06-11T12:00:20","modified_gmt":"2025-06-11T10:00:20","slug":"katastrophe-in-philly-paul-george-faellt-auch-aus","status":"publish","type":"post","link":"https:\/\/www.nbamaniacs.com\/de\/nachrichten\/katastrophe-in-philly-paul-george-faellt-auch-aus\/","title":{"rendered":"Katastrophe in Philly: Paul George f\u00e4llt auch aus"},"content":{"rendered":"<p>Die Lage der Philadelphia 76ers wird mit jeder Minute komplizierter. Obwohl die Franchise aus Pennsylvania nach der Verpflichtung von Paul George bereit schien, mit neuem Optimismus in die Saison 2024-25 zu gehen, hat eines ihrer wiederkehrenden Probleme \u2013 Verletzungen \u2013 bereits eine deutliche Warnung ausgesprochen. Zus\u00e4tzlich zu <a href=\"https:\/\/www.nbamaniacs.com\/de\/nachrichten\/embiid-verpasst-die-gesamte-preseason\/\">Joel Embiids best\u00e4tigter Abwesenheit f\u00fcr die gesamte Preseason<\/a> hat sich Paul George letzte Nacht eine \u00dcberstreckung des linken Knies zugezogen&#8230;<\/p>\n<p>Auf den ersten Blick wirkt dieses Problem nicht allzu schwerwiegend \u2013 George wird sich Untersuchungen unterziehen \u2013, doch es best\u00e4tigt, was viele bereits ahnten: Die k\u00f6rperliche Anf\u00e4lligkeit der Stars der Sixers, mit Tyrese Maxey als Ausnahme, k\u00f6nnte das Roster stark daran hindern, sein volles Potenzial auszusch\u00f6pfen.<\/p>\n<p>Es ist ein Desaster \u2013 oder zumindest ein vorhersehbares. Embiid versucht seit Jahren, in der Postseason bei 100% zu sein. W\u00e4hrend des diesj\u00e4hrigen Media Day sagte er, sein einziges Ziel sei es, voll einsatzbereit zu sein, wenn es wirklich z\u00e4hlt. Das kann gelingen. Aber wenn man nach all dem Aufwand rund um die Olympischen Spiele 2024 in Paris immer noch nicht spielbereit ist, wird es deutlich schwieriger, dieses Ziel zu erreichen, als es sein sollte.<\/p>\n<p>Zur\u00fcck zu George: Er verletzte sich in der ersten H\u00e4lfte eines Preseason-Spiels gegen die Atlanta Hawks. Es gab keinen Kontakt, aber die ungl\u00fcckliche Bewegung des Knies gef\u00e4hrdet zweifellos die Einsatzf\u00e4higkeit des All-Stars zum Auftakt der <em>regular season<\/em>, die f\u00fcr das Team am 23. Oktober gegen die Minnesota Timberwolves beginnt. Hier siehst du die Szene.<\/p>\n<figure class=\"wp-block-embed is-type-video is-provider-youtube wp-block-embed-youtube wp-embed-aspect-16-9 wp-has-aspect-ratio\">\n<div class=\"wp-block-embed__wrapper\">\n<iframe title=\"Paul George hyperextends knee in preseason game vs Hawks \ud83d\ude2c\" width=\"1200\" height=\"675\" src=\"https:\/\/www.youtube.com\/embed\/CgsaI9tsFzU?feature=oembed\" frameborder=\"0\" allow=\"accelerometer; autoplay; clipboard-write; encrypted-media; gyroscope; picture-in-picture; web-share\" referrerpolicy=\"strict-origin-when-cross-origin\" allowfullscreen><\/iframe>\n<\/div>\n<\/figure>\n<p>W\u00e4hrend das volle Ausma\u00df von Georges Verletzung noch unklar ist, betont Head Coach Nick Nurse, das Team bleibe zuversichtlich, dass es sich nicht um ein gr\u00f6\u00dferes Problem handelt.<\/p>\n<p>\u00abWir versuchen, ihn entsprechend einzustellen, und er selbst arbeitet daran. Nat\u00fcrlich bremst das, was passiert ist, diesen Prozess. Hoffentlich geht alles gut, sodass er schnell wieder bei uns ist\u00bb, sagte er gegen\u00fcber Gina Mizell vom <em>Philadelphia Inquirer<\/em> und f\u00fcgte hinzu, dass George selbst betont habe, er mache sich keine Sorgen.<\/p>\n<p><em>(Photo by Kevin C. Cox\/Getty Images)<\/em><\/p>\n","protected":false},"excerpt":{"rendered":"<p>Die Lage der Philadelphia 76ers wird mit jeder Minute komplizierter. Obwohl die Franchise aus Pennsylvania nach der Verpflichtung von Paul George bereit schien, mit neuem &#8230; <a title=\"Katastrophe in Philly: Paul George f\u00e4llt auch aus\" class=\"read-more\" href=\"https:\/\/www.nbamaniacs.com\/de\/nachrichten\/katastrophe-in-philly-paul-george-faellt-auch-aus\/\" aria-label=\"Mehr Informationen \u00fcber Katastrophe in Philly: Paul George f\u00e4llt auch aus\">Mehr lesen<\/a><\/p>\n","protected":false},"author":14497,"featured_media":405555,"comment_status":"open","ping_status":"closed","sticky":false,"template":"","format":"standard","meta":{"ub_ctt_via":"","footnotes":""},"categories":[6],"tags":[1685,463,547],"class_list":["post-405581","post","type-post","status-publish","format-standard","has-post-thumbnail","hentry","category-nachrichten","tag-joel-embiid","tag-paul-george","tag-philadelphia-76ers","no-featured-image-padding","resize-featured-image"],"featured_image_src":"https:\/\/www.nbamaniacs.com\/de\/wp-content\/uploads\/2025\/06\/jokics-triple-double-f-uhrt-nuggets-zum-sieg.jpg","author_info":{"display_name":"Niko Jens Schwann","author_link":"https:\/\/www.nbamaniacs.com\/de\/autor\/niko-jens-schwann\/"},"_links":{"self":[{"href":"https:\/\/www.nbamaniacs.com\/de\/wp-json\/wp\/v2\/posts\/405581","targetHints":{"allow":["GET"]}}],"collection":[{"href":"https:\/\/www.nbamaniacs.com\/de\/wp-json\/wp\/v2\/posts"}],"about":[{"href":"https:\/\/www.nbamaniacs.com\/de\/wp-json\/wp\/v2\/types\/post"}],"author":[{"embeddable":true,"href":"https:\/\/www.nbamaniacs.com\/de\/wp-json\/wp\/v2\/users\/14497"}],"replies":[{"embeddable":true,"href":"https:\/\/www.nbamaniacs.com\/de\/wp-json\/wp\/v2\/comments?post=405581"}],"version-history":[{"count":1,"href":"https:\/\/www.nbamaniacs.com\/de\/wp-json\/wp\/v2\/posts\/405581\/revisions"}],"predecessor-version":[{"id":410817,"href":"https:\/\/www.nbamaniacs.com\/de\/wp-json\/wp\/v2\/posts\/405581\/revisions\/410817"}],"wp:featuredmedia":[{"embeddable":true,"href":"https:\/\/www.nbamaniacs.com\/de\/wp-json\/wp\/v2\/media\/405555"}],"wp:attachment":[{"href":"https:\/\/www.nbamaniacs.com\/de\/wp-json\/wp\/v2\/media?parent=405581"}],"wp:term":[{"taxonomy":"category","embeddable":true,"href":"https:\/\/www.nbamaniacs.com\/de\/wp-json\/wp\/v2\/categories?post=405581"},{"taxonomy":"post_tag","embeddable":true,"href":"https:\/\/www.nbamaniacs.com\/de\/wp-json\/wp\/v2\/tags?post=405581"}],"curies":[{"name":"wp","href":"https:\/\/api.w.org\/{rel}","templated":true}]}}