{"id":405668,"date":"2024-10-05T07:30:00","date_gmt":"2024-10-05T05:30:00","guid":{"rendered":"https:\/\/www.nbamaniacs.com\/de\/nachrichten\/dante-exum-erleidet-schwere-verletzung\/"},"modified":"2024-10-05T07:30:00","modified_gmt":"2024-10-05T05:30:00","slug":"dante-exum-erleidet-schwere-verletzung","status":"publish","type":"post","link":"https:\/\/www.nbamaniacs.com\/de\/nachrichten\/dante-exum-erleidet-schwere-verletzung\/","title":{"rendered":"Dante Exum erleidet schwere Verletzung"},"content":{"rendered":"<p>Die Dallas Mavericks haben ihren ersten ernsten R\u00fcckschlag in der Preseason erlitten. Laut Shams Charania von <em>The Athletic<\/em> hat sich Dante Exum eine schwere Handgelenksverletzung zugezogen, die m\u00f6glicherweise eine Operation n\u00f6tig macht. Der genaue Zeitpunkt seiner R\u00fcckkehr ist unklar, aber voraussichtlich wird er lange ausfallen.<\/p>\n<p>Aufgrund der Bedeutung des Problems nimmt sich die texanische Organisation Zeit, um \u00fcber den Behandlungsplan zu entscheiden. In den n\u00e4chsten Tagen wollen sie die Verletzung genau untersuchen und den besten Weg f\u00fcr die Genesung des Guards w\u00e4hlen.<\/p>\n<p>In einem Jahr voller Aufbruchstimmung, nachdem sie in dieser Saison die NBA-Finals erreicht und Klay Thompson in der Free Agency verpflichtet haben, trifft dieses Verletzungspech die Mannschaft hart. Exum wurde in der vergangenen Spielzeit zu einem der wichtigsten Leistungstr\u00e4ger von Jason Kidds Bank.<\/p>\n<p>Nach zwei Jahren in Europa kehrte Exum in \u00fcberragender Form in die Vereinigten Staaten zur\u00fcck und erzielte im Schnitt 7,8 Punkte, 2,9 Assists und 2,7 Rebounds in 19,8 Minuten pro Spiel. Luka Doncic und Co. werden ihn sicher vermissen.<\/p>\n<p><em>(Photo by Ronald Martinez\/Getty Images)<\/em><\/p>\n","protected":false},"excerpt":{"rendered":"<p>Die Dallas Mavericks haben ihren ersten ernsten R\u00fcckschlag in der Preseason erlitten. Laut Shams Charania von The Athletic hat sich Dante Exum eine schwere Handgelenksverletzung &#8230; <a title=\"Dante Exum erleidet schwere Verletzung\" class=\"read-more\" href=\"https:\/\/www.nbamaniacs.com\/de\/nachrichten\/dante-exum-erleidet-schwere-verletzung\/\" aria-label=\"Mehr Informationen \u00fcber Dante Exum erleidet schwere Verletzung\">Mehr lesen<\/a><\/p>\n","protected":false},"author":14497,"featured_media":405661,"comment_status":"open","ping_status":"closed","sticky":false,"template":"","format":"standard","meta":{"ub_ctt_via":"","footnotes":""},"categories":[6],"tags":[21,2069],"class_list":["post-405668","post","type-post","status-publish","format-standard","has-post-thumbnail","hentry","category-nachrichten","tag-dallas-mavericks","tag-dante-exum","no-featured-image-padding","resize-featured-image"],"featured_image_src":"https:\/\/www.nbamaniacs.com\/de\/wp-content\/uploads\/2025\/06\/keine-spanische-schlagzeile-bereitgestellt-2.jpg","author_info":{"display_name":"Niko Jens Schwann","author_link":"https:\/\/www.nbamaniacs.com\/de\/autor\/niko-jens-schwann\/"},"_links":{"self":[{"href":"https:\/\/www.nbamaniacs.com\/de\/wp-json\/wp\/v2\/posts\/405668","targetHints":{"allow":["GET"]}}],"collection":[{"href":"https:\/\/www.nbamaniacs.com\/de\/wp-json\/wp\/v2\/posts"}],"about":[{"href":"https:\/\/www.nbamaniacs.com\/de\/wp-json\/wp\/v2\/types\/post"}],"author":[{"embeddable":true,"href":"https:\/\/www.nbamaniacs.com\/de\/wp-json\/wp\/v2\/users\/14497"}],"replies":[{"embeddable":true,"href":"https:\/\/www.nbamaniacs.com\/de\/wp-json\/wp\/v2\/comments?post=405668"}],"version-history":[{"count":0,"href":"https:\/\/www.nbamaniacs.com\/de\/wp-json\/wp\/v2\/posts\/405668\/revisions"}],"wp:featuredmedia":[{"embeddable":true,"href":"https:\/\/www.nbamaniacs.com\/de\/wp-json\/wp\/v2\/media\/405661"}],"wp:attachment":[{"href":"https:\/\/www.nbamaniacs.com\/de\/wp-json\/wp\/v2\/media?parent=405668"}],"wp:term":[{"taxonomy":"category","embeddable":true,"href":"https:\/\/www.nbamaniacs.com\/de\/wp-json\/wp\/v2\/categories?post=405668"},{"taxonomy":"post_tag","embeddable":true,"href":"https:\/\/www.nbamaniacs.com\/de\/wp-json\/wp\/v2\/tags?post=405668"}],"curies":[{"name":"wp","href":"https:\/\/api.w.org\/{rel}","templated":true}]}}