{"id":405790,"date":"2024-09-25T19:30:00","date_gmt":"2024-09-25T17:30:00","guid":{"rendered":"https:\/\/www.nbamaniacs.com\/de\/nachrichten\/redick-beansprucht-das-lakers-traineramt\/"},"modified":"2024-09-25T19:30:00","modified_gmt":"2024-09-25T17:30:00","slug":"redick-beansprucht-das-lakers-traineramt","status":"publish","type":"post","link":"https:\/\/www.nbamaniacs.com\/de\/nachrichten\/redick-beansprucht-das-lakers-traineramt\/","title":{"rendered":"Redick beansprucht das Lakers-Traineramt."},"content":{"rendered":"<p>Du brauchst kein Genie zu sein, um die Kontroverse hinter J.J. Redicks Wechsel zu den Los Angeles Lakers zu erkennen. Ein ehemaliger Spieler, der schon vor dem Ende seiner Karriere ins Mediengesch\u00e4ft einstieg und kaum als Coach gearbeitet hat, f\u00fchrt pl\u00f6tzlich eines der begehrtesten Teams der Liga \u2013 genau in dem Jahr, in dem er mit dem Star der Franchise einen Podcast startet. Dennoch betonen die Lakers, Redicks Profil passe perfekt zu ihren Pl\u00e4nen im Front Office. Oder so \u00e4hnlich.<\/p>\n<p>Wie schon im ersten Absatz angedeutet, verf\u00fcgt der ehemalige Shooting Guard der Magic, Clippers und Sixers \u00fcber ein ausgepr\u00e4gtes Talent f\u00fcr Worte. Mit genau dieser F\u00e4higkeit hat er Zweifel beiseitegewischt. Heute setzt er sich mit seinem ehemaligen <em>ESPN<\/em>-Kollegen Zach Lowe zusammen, um \u00fcber seine Verpflichtung und die kommenden Herausforderungen zu sprechen. \u00abIch finde, dass es einige Verwirrung dar\u00fcber gibt, wer etwas verdient und wer nicht. Ich f\u00fchle mich privilegiert, diese Chance zu bekommen. Aber ich verdiene sie nicht, weil ich sieben Jahre als Assistenztrainer gearbeitet habe. Ich verdiene sie, weil ich mir in den letzten 32 Jahren den Hintern aufgerissen habe, um mein Basketballwissen zu vertiefen\u00bb, <a href=\"https:\/\/youtu.be\/uJvKUZoZyfM\" target=\"_blank\" rel=\"noopener nofollow\">sagt er<\/a> in Lowes Podcast.<\/p>\n<figure class=\"wp-block-embed is-type-video is-provider-youtube wp-block-embed-youtube wp-embed-aspect-16-9 wp-has-aspect-ratio\">\n<div class=\"wp-block-embed__wrapper\">\n<iframe title=\"JJ Redick on Lakers\u2019 lineup, Bronny &amp; pressure + Joel Embiid\u2019s extension &amp; more | The Lowe Post\" width=\"1200\" height=\"675\" src=\"https:\/\/www.youtube.com\/embed\/uJvKUZoZyfM?feature=oembed\" frameborder=\"0\" allow=\"accelerometer; autoplay; clipboard-write; encrypted-media; gyroscope; picture-in-picture; web-share\" referrerpolicy=\"strict-origin-when-cross-origin\" allowfullscreen><\/iframe>\n<\/div>\n<\/figure>\n<p>Schon nach kurzem Zuh\u00f6ren wird deutlich, dass Redick ein Spieler war, der auf jedes Detail achtete, vom Individuellen bis zum Kollektiven. Wenn du seinen K\u00f6rperbau hast, absolvierst du keine 14 NBA-Saisons, ohne dich restlos dem Basketball zu verschreiben. Dennoch geht es als Coach mehr darum, Egos zu steuern, als Spielz\u00fcge aufzuzeichnen. Genau hier muss Redick sich noch beweisen, ganz gleich, wie sehr er diesen Posten verdient hat.<\/p>\n<p><em>(Cover photo by Maddie Meyer\/Getty Images)<\/em><\/p>\n","protected":false},"excerpt":{"rendered":"<p>Du brauchst kein Genie zu sein, um die Kontroverse hinter J.J. Redicks Wechsel zu den Los Angeles Lakers zu erkennen. Ein ehemaliger Spieler, der schon &#8230; <a title=\"Redick beansprucht das Lakers-Traineramt.\" class=\"read-more\" href=\"https:\/\/www.nbamaniacs.com\/de\/nachrichten\/redick-beansprucht-das-lakers-traineramt\/\" aria-label=\"Mehr Informationen \u00fcber Redick beansprucht das Lakers-Traineramt.\">Mehr lesen<\/a><\/p>\n","protected":false},"author":14497,"featured_media":405772,"comment_status":"open","ping_status":"closed","sticky":false,"template":"","format":"standard","meta":{"ub_ctt_via":"","footnotes":""},"categories":[6],"tags":[301,10],"class_list":["post-405790","post","type-post","status-publish","format-standard","has-post-thumbnail","hentry","category-nachrichten","tag-j-j-redick","tag-los-angeles-lakers","no-featured-image-padding","resize-featured-image"],"featured_image_src":"https:\/\/www.nbamaniacs.com\/de\/wp-content\/uploads\/2025\/06\/keine-spanische-headline-vorhanden-42.jpg","author_info":{"display_name":"Niko Jens Schwann","author_link":"https:\/\/www.nbamaniacs.com\/de\/autor\/niko-jens-schwann\/"},"_links":{"self":[{"href":"https:\/\/www.nbamaniacs.com\/de\/wp-json\/wp\/v2\/posts\/405790","targetHints":{"allow":["GET"]}}],"collection":[{"href":"https:\/\/www.nbamaniacs.com\/de\/wp-json\/wp\/v2\/posts"}],"about":[{"href":"https:\/\/www.nbamaniacs.com\/de\/wp-json\/wp\/v2\/types\/post"}],"author":[{"embeddable":true,"href":"https:\/\/www.nbamaniacs.com\/de\/wp-json\/wp\/v2\/users\/14497"}],"replies":[{"embeddable":true,"href":"https:\/\/www.nbamaniacs.com\/de\/wp-json\/wp\/v2\/comments?post=405790"}],"version-history":[{"count":0,"href":"https:\/\/www.nbamaniacs.com\/de\/wp-json\/wp\/v2\/posts\/405790\/revisions"}],"wp:featuredmedia":[{"embeddable":true,"href":"https:\/\/www.nbamaniacs.com\/de\/wp-json\/wp\/v2\/media\/405772"}],"wp:attachment":[{"href":"https:\/\/www.nbamaniacs.com\/de\/wp-json\/wp\/v2\/media?parent=405790"}],"wp:term":[{"taxonomy":"category","embeddable":true,"href":"https:\/\/www.nbamaniacs.com\/de\/wp-json\/wp\/v2\/categories?post=405790"},{"taxonomy":"post_tag","embeddable":true,"href":"https:\/\/www.nbamaniacs.com\/de\/wp-json\/wp\/v2\/tags?post=405790"}],"curies":[{"name":"wp","href":"https:\/\/api.w.org\/{rel}","templated":true}]}}