{"id":405797,"date":"2024-09-25T23:00:00","date_gmt":"2024-09-25T21:00:00","guid":{"rendered":"https:\/\/www.nbamaniacs.com\/de\/nachrichten\/kerr-begruesst-klay-thompson-trade\/"},"modified":"2024-09-25T23:00:00","modified_gmt":"2024-09-25T21:00:00","slug":"kerr-begruesst-klay-thompson-trade","status":"publish","type":"post","link":"https:\/\/www.nbamaniacs.com\/de\/nachrichten\/kerr-begruesst-klay-thompson-trade\/","title":{"rendered":"Kerr begr\u00fc\u00dft Klay-Thompson-Trade"},"content":{"rendered":"<p>Es war eine der gr\u00f6\u00dften Geschichten des Sommers. Klay Thompson, den sich viele seine gesamte Karriere bei den Warriors verbringen sahen, unterschrieb in der Free Agency bei den Dallas Mavericks, um die etablierte Ordnung aufzubrechen und auf einen Neuanfang an der Seite von Luka Doncic und Kyrie Irving zu setzen.<\/p>\n<p>Dieser Wechsel kam nicht \u00fcberraschend, denn seit Monaten deuteten zahlreiche Hinweise darauf hin. Trotzdem schmerzte sein Abschied in Golden State, wie Steve Kerr zugibt \u2013 obwohl er versteht, dass dieser Neubeginn seinem ehemaligen Sch\u00fctzling zugutekommen wird.<\/p>\n<p>\u201eWir alle wollten, dass er bleibt. Ich wollte Klay f\u00fcr immer als Warrior sehen; ich fand, es war das Richtige, aber man wei\u00df nie wirklich, was f\u00fcr jemanden das Beste ist \u2013 das wei\u00df nur die Person selbst\u201c, sagte Kerr. \u201eIch glaube, Klay wusste, dass es f\u00fcr sein eigenes Wohl Zeit war zu gehen \u2026 Ich freue mich f\u00fcr ihn. Ich halte das f\u00fcr einen gro\u00dfartigen Schritt. Er wird f\u00fcr ein starkes Team mit zwei herausragenden Playmakern spielen und sollte viele freie W\u00fcrfe bekommen. Ich bin \u00fcberzeugt, dass ein Wechsel in einer sp\u00e4ten Karrierephase einen erneuern und wieder aufladen kann\u201c, erkl\u00e4rte der Head Coach der kalifornischen Organisation gegen\u00fcber Grant Afseth von <em>The Dallas Hoops Journal<\/em>.<\/p>\n<p>Genau darauf setzen viele. In der vergangenen Saison wirkte Thompson manchmal mit sich und der Welt im Clinch. Er hatte keinen Spa\u00df auf dem Court, was zu Spielen f\u00fchrte, in denen er kaum wiederzuerkennen war. Jetzt, als Mavericks-Spieler, scheint sich ein strahlendes neues Kapitel f\u00fcr ihn aufzutun.<\/p>\n<p><em>(Photo by Ezra Shaw\/Getty Images)<\/em><\/p>\n","protected":false},"excerpt":{"rendered":"<p>Es war eine der gr\u00f6\u00dften Geschichten des Sommers. Klay Thompson, den sich viele seine gesamte Karriere bei den Warriors verbringen sahen, unterschrieb in der Free &#8230; <a title=\"Kerr begr\u00fc\u00dft Klay-Thompson-Trade\" class=\"read-more\" href=\"https:\/\/www.nbamaniacs.com\/de\/nachrichten\/kerr-begruesst-klay-thompson-trade\/\" aria-label=\"Mehr Informationen \u00fcber Kerr begr\u00fc\u00dft Klay-Thompson-Trade\">Mehr lesen<\/a><\/p>\n","protected":false},"author":14497,"featured_media":405777,"comment_status":"open","ping_status":"closed","sticky":false,"template":"","format":"standard","meta":{"ub_ctt_via":"","footnotes":""},"categories":[6],"tags":[21,26,771,651],"class_list":["post-405797","post","type-post","status-publish","format-standard","has-post-thumbnail","hentry","category-nachrichten","tag-dallas-mavericks","tag-golden-state-warriors","tag-klay-thompson","tag-steve-kerr","no-featured-image-padding","resize-featured-image"],"featured_image_src":"https:\/\/www.nbamaniacs.com\/de\/wp-content\/uploads\/2025\/06\/keine-spanische-schlagzeile-geliefert-5.jpg","author_info":{"display_name":"Niko Jens Schwann","author_link":"https:\/\/www.nbamaniacs.com\/de\/autor\/niko-jens-schwann\/"},"_links":{"self":[{"href":"https:\/\/www.nbamaniacs.com\/de\/wp-json\/wp\/v2\/posts\/405797","targetHints":{"allow":["GET"]}}],"collection":[{"href":"https:\/\/www.nbamaniacs.com\/de\/wp-json\/wp\/v2\/posts"}],"about":[{"href":"https:\/\/www.nbamaniacs.com\/de\/wp-json\/wp\/v2\/types\/post"}],"author":[{"embeddable":true,"href":"https:\/\/www.nbamaniacs.com\/de\/wp-json\/wp\/v2\/users\/14497"}],"replies":[{"embeddable":true,"href":"https:\/\/www.nbamaniacs.com\/de\/wp-json\/wp\/v2\/comments?post=405797"}],"version-history":[{"count":0,"href":"https:\/\/www.nbamaniacs.com\/de\/wp-json\/wp\/v2\/posts\/405797\/revisions"}],"wp:featuredmedia":[{"embeddable":true,"href":"https:\/\/www.nbamaniacs.com\/de\/wp-json\/wp\/v2\/media\/405777"}],"wp:attachment":[{"href":"https:\/\/www.nbamaniacs.com\/de\/wp-json\/wp\/v2\/media?parent=405797"}],"wp:term":[{"taxonomy":"category","embeddable":true,"href":"https:\/\/www.nbamaniacs.com\/de\/wp-json\/wp\/v2\/categories?post=405797"},{"taxonomy":"post_tag","embeddable":true,"href":"https:\/\/www.nbamaniacs.com\/de\/wp-json\/wp\/v2\/tags?post=405797"}],"curies":[{"name":"wp","href":"https:\/\/api.w.org\/{rel}","templated":true}]}}