{"id":405825,"date":"2024-09-23T08:00:00","date_gmt":"2024-09-23T06:00:00","guid":{"rendered":"https:\/\/www.nbamaniacs.com\/de\/nachrichten\/aaron-gordons-verlaengerung-rueckt-in-denver-naeher\/"},"modified":"2024-09-23T08:00:00","modified_gmt":"2024-09-23T06:00:00","slug":"aaron-gordons-verlaengerung-rueckt-in-denver-naeher","status":"publish","type":"post","link":"https:\/\/www.nbamaniacs.com\/de\/nachrichten\/aaron-gordons-verlaengerung-rueckt-in-denver-naeher\/","title":{"rendered":"Aaron Gordons Verl\u00e4ngerung r\u00fcckt in Denver n\u00e4her"},"content":{"rendered":"<p>Die Nuggets, die Vertragsverl\u00e4ngerungen ihrer Spieler und die Abg\u00e4nge aus dem Kader des Meisterteams 2023 sind aktuell in aller Munde. Der Weggang von Kentavious Caldwell-Pope, um Kosten zu reduzieren, die Vertragsverl\u00e4ngerung von Jamal Murray, bei der es mehr als eine H\u00fcrde gab \u2026 Was anfangs \u201ezweifelsfrei\u201c aussah, geriet am Ende ins Wanken. Jetzt, binnen Tagen, stellen sich dieselben Fragen bei einem weiteren Schl\u00fcsselspieler: Aaron Gordon.<\/p>\n<p>Genau. Der Forward, zweifellos unverzichtbar im System Colorados (wie einst Caldwell-Pope), ist ab Ende dieser Woche f\u00fcr eine bis zu vier Jahre laufende Vertragsverl\u00e4ngerung berechtigt. Logisch betrachtet sollte das eine klare Sache sein, angesichts seiner Bedeutung. Doch wir werden sehen, wie entschlossen Denver diesen Schritt angeht.<\/p>\n<p>Jedenfalls sorgt das Timing daf\u00fcr, dass diese Personalie zu einem der Hauptgespr\u00e4chsthemen im Trainingscamp der Nuggets wird. \u00dcber den Sommer berichteten mehrere Medien, dass Michael Malone nicht sonderlich erfreut \u00fcber das Roster-Management sei. Sollte sich die Situation um Gordon weiter hinziehen, k\u00f6nnte das einen neuen Konflikt zwischen dem Head Coach und der Klubf\u00fchrung entfachen.<\/p>\n<p>Was Gordons aktuellen Vertrag angeht: Er verdient pro Jahr 22,0 Millionen Dollar und besitzt eine Spieleroption f\u00fcr die Saison 2025-26, in der er fast 30 sein wird. Diese Option k\u00f6nnte durch eine Verl\u00e4ngerung ersetzt werden \u2013 und genau das scheint die wahrscheinlichste Wahl f\u00fcr den Forward zu sein.<\/p>\n<p><em>(Photo by Matthew Stockman\/Getty Images)<\/em><\/p>\n","protected":false},"excerpt":{"rendered":"<p>Die Nuggets, die Vertragsverl\u00e4ngerungen ihrer Spieler und die Abg\u00e4nge aus dem Kader des Meisterteams 2023 sind aktuell in aller Munde. Der Weggang von Kentavious Caldwell-Pope, &#8230; <a title=\"Aaron Gordons Verl\u00e4ngerung r\u00fcckt in Denver n\u00e4her\" class=\"read-more\" href=\"https:\/\/www.nbamaniacs.com\/de\/nachrichten\/aaron-gordons-verlaengerung-rueckt-in-denver-naeher\/\" aria-label=\"Mehr Informationen \u00fcber Aaron Gordons Verl\u00e4ngerung r\u00fcckt in Denver n\u00e4her\">Mehr lesen<\/a><\/p>\n","protected":false},"author":14497,"featured_media":405810,"comment_status":"open","ping_status":"closed","sticky":false,"template":"","format":"standard","meta":{"ub_ctt_via":"","footnotes":""},"categories":[6],"tags":[1487,23],"class_list":["post-405825","post","type-post","status-publish","format-standard","has-post-thumbnail","hentry","category-nachrichten","tag-aaron-gordon","tag-denver-nuggets","no-featured-image-padding","resize-featured-image"],"featured_image_src":"https:\/\/www.nbamaniacs.com\/de\/wp-content\/uploads\/2025\/06\/getty-triumphiert-im-halbfinale.jpg","author_info":{"display_name":"Niko Jens Schwann","author_link":"https:\/\/www.nbamaniacs.com\/de\/autor\/niko-jens-schwann\/"},"_links":{"self":[{"href":"https:\/\/www.nbamaniacs.com\/de\/wp-json\/wp\/v2\/posts\/405825","targetHints":{"allow":["GET"]}}],"collection":[{"href":"https:\/\/www.nbamaniacs.com\/de\/wp-json\/wp\/v2\/posts"}],"about":[{"href":"https:\/\/www.nbamaniacs.com\/de\/wp-json\/wp\/v2\/types\/post"}],"author":[{"embeddable":true,"href":"https:\/\/www.nbamaniacs.com\/de\/wp-json\/wp\/v2\/users\/14497"}],"replies":[{"embeddable":true,"href":"https:\/\/www.nbamaniacs.com\/de\/wp-json\/wp\/v2\/comments?post=405825"}],"version-history":[{"count":0,"href":"https:\/\/www.nbamaniacs.com\/de\/wp-json\/wp\/v2\/posts\/405825\/revisions"}],"wp:featuredmedia":[{"embeddable":true,"href":"https:\/\/www.nbamaniacs.com\/de\/wp-json\/wp\/v2\/media\/405810"}],"wp:attachment":[{"href":"https:\/\/www.nbamaniacs.com\/de\/wp-json\/wp\/v2\/media?parent=405825"}],"wp:term":[{"taxonomy":"category","embeddable":true,"href":"https:\/\/www.nbamaniacs.com\/de\/wp-json\/wp\/v2\/categories?post=405825"},{"taxonomy":"post_tag","embeddable":true,"href":"https:\/\/www.nbamaniacs.com\/de\/wp-json\/wp\/v2\/tags?post=405825"}],"curies":[{"name":"wp","href":"https:\/\/api.w.org\/{rel}","templated":true}]}}