{"id":405856,"date":"2024-09-21T07:30:00","date_gmt":"2024-09-21T05:30:00","guid":{"rendered":"https:\/\/www.nbamaniacs.com\/de\/nachrichten\/houston-entlaesst-a-j-griffin-karriereende-naht\/"},"modified":"2025-06-11T12:02:59","modified_gmt":"2025-06-11T10:02:59","slug":"houston-entlaesst-a-j-griffin-karriereende-naht","status":"publish","type":"post","link":"https:\/\/www.nbamaniacs.com\/de\/nachrichten\/houston-entlaesst-a-j-griffin-karriereende-naht\/","title":{"rendered":"Houston entl\u00e4sst A.J. Griffin: Karriereende naht"},"content":{"rendered":"<p>Die NBA-Tage von A.J. Griffin n\u00e4hern sich ihrem Ende. Noch vor wenigen Tagen erfuhren wir, dass er <a href=\"https:\/\/www.nbamaniacs.com\/de\/geruchte\/a-j-griffin-erwaegt-ruecktritt-mit-21\/\">trotz seiner erst 21 Jahre einen R\u00fccktritt in Betracht zieht<\/a>. Jetzt haben die Houston Rockets einen weiteren Schritt auf diesem Weg unternommen, indem sie den Forward entlie\u00dfen, berichtet Shams Charania von <em>The Athletic<\/em>.<\/p>\n<p>Im Draft 2022 wurde er an 16. Stelle von den Atlanta Hawks ausgew\u00e4hlt und schien eine solide Karriere in der League vor sich zu haben. Doch nach einer vielversprechenden Rookie-Saison, in der er durchschnittlich 8,9 Punkte pro Spiel erzielte, fielen seine Werte in der Spielzeit 2023-24 drastisch ab. Diese Talfahrt, kombiniert mit der Wahl von Zaccharie Risacher als Nr. 1-Pick im j\u00fcngsten Draft, veranlasste die Organisation aus Georgia dazu, <a href=\"https:\/\/www.nbamaniacs.com\/de\/nachrichten\/atlanta-schickt-a-j-giffin-fuer-pick-44-nach-houston\/\">ihn Ende Juni an die Houston Rockets zu transferieren<\/a>.<\/p>\n<figure class=\"wp-block-embed is-type-rich is-provider-twitter wp-block-embed-twitter\">\n<div class=\"wp-block-embed__wrapper\">\n<blockquote class=\"twitter-tweet\" data-width=\"550\" data-dnt=\"true\">\n<p lang=\"en\" dir=\"ltr\">Die Houston Rockets waiven AJ Griffin \u00fcber einen Vertrags-Buyout, da er sich nach zwei NBA-Saisons mit 21 Jahren laut Quellen aus dem Basketball zur\u00fcckziehen m\u00f6chte. <a href=\"https:\/\/t.co\/bipvmzsGIU\" target=\"_blank\" rel=\"nofollow\">https:\/\/t.co\/bipvmzsGIU<\/a><\/p>\n<p>&mdash; Shams Charania (@ShamsCharania) <a href=\"https:\/\/twitter.com\/ShamsCharania\/status\/1837241283032797305?ref_src=twsrc%5Etfw\" target=\"_blank\" rel=\"noopener nofollow\">September 20, 2024<\/a><\/p>\n<\/blockquote>\n<p><script async src=\"https:\/\/platform.twitter.com\/widgets.js\" charset=\"utf-8\"><\/script>\n<\/div>\n<\/figure>\n<p>Bislang ist nicht bekannt, was ihn zu diesem so fr\u00fchen R\u00fcckzug bewegt \u2013 in einer Liga, in der Spieler normalerweise erst aufh\u00f6ren, wenn sie keinen Platz mehr im Kader finden. In jedem Fall scheinen abseits des Courts Faktoren eine Rolle gespielt zu haben, die Griffin zu diesem Entschluss brachten.<\/p>\n<p><em>(Photo by Kevin C. Cox\/Getty Images)<\/em><\/p>\n","protected":false},"excerpt":{"rendered":"<p>Die NBA-Tage von A.J. Griffin n\u00e4hern sich ihrem Ende. Noch vor wenigen Tagen erfuhren wir, dass er trotz seiner erst 21 Jahre einen R\u00fccktritt in &#8230; <a title=\"Houston entl\u00e4sst A.J. Griffin: Karriereende naht\" class=\"read-more\" href=\"https:\/\/www.nbamaniacs.com\/de\/nachrichten\/houston-entlaesst-a-j-griffin-karriereende-naht\/\" aria-label=\"Mehr Informationen \u00fcber Houston entl\u00e4sst A.J. Griffin: Karriereende naht\">Mehr lesen<\/a><\/p>\n","protected":false},"author":14497,"featured_media":405842,"comment_status":"open","ping_status":"closed","sticky":false,"template":"","format":"standard","meta":{"ub_ctt_via":"","footnotes":""},"categories":[6],"tags":[4751,60,24],"class_list":["post-405856","post","type-post","status-publish","format-standard","has-post-thumbnail","hentry","category-nachrichten","tag-a-j-griffin","tag-atlanta-hawks","tag-houston-rockets","no-featured-image-padding","resize-featured-image"],"featured_image_src":"https:\/\/www.nbamaniacs.com\/de\/wp-content\/uploads\/2025\/06\/nuggets-feiern-historischen-titeltriumph-gegen-miami.jpg","author_info":{"display_name":"Niko Jens Schwann","author_link":"https:\/\/www.nbamaniacs.com\/de\/autor\/niko-jens-schwann\/"},"_links":{"self":[{"href":"https:\/\/www.nbamaniacs.com\/de\/wp-json\/wp\/v2\/posts\/405856","targetHints":{"allow":["GET"]}}],"collection":[{"href":"https:\/\/www.nbamaniacs.com\/de\/wp-json\/wp\/v2\/posts"}],"about":[{"href":"https:\/\/www.nbamaniacs.com\/de\/wp-json\/wp\/v2\/types\/post"}],"author":[{"embeddable":true,"href":"https:\/\/www.nbamaniacs.com\/de\/wp-json\/wp\/v2\/users\/14497"}],"replies":[{"embeddable":true,"href":"https:\/\/www.nbamaniacs.com\/de\/wp-json\/wp\/v2\/comments?post=405856"}],"version-history":[{"count":1,"href":"https:\/\/www.nbamaniacs.com\/de\/wp-json\/wp\/v2\/posts\/405856\/revisions"}],"predecessor-version":[{"id":410878,"href":"https:\/\/www.nbamaniacs.com\/de\/wp-json\/wp\/v2\/posts\/405856\/revisions\/410878"}],"wp:featuredmedia":[{"embeddable":true,"href":"https:\/\/www.nbamaniacs.com\/de\/wp-json\/wp\/v2\/media\/405842"}],"wp:attachment":[{"href":"https:\/\/www.nbamaniacs.com\/de\/wp-json\/wp\/v2\/media?parent=405856"}],"wp:term":[{"taxonomy":"category","embeddable":true,"href":"https:\/\/www.nbamaniacs.com\/de\/wp-json\/wp\/v2\/categories?post=405856"},{"taxonomy":"post_tag","embeddable":true,"href":"https:\/\/www.nbamaniacs.com\/de\/wp-json\/wp\/v2\/tags?post=405856"}],"curies":[{"name":"wp","href":"https:\/\/api.w.org\/{rel}","templated":true}]}}