{"id":405975,"date":"2024-09-10T09:00:00","date_gmt":"2024-09-10T07:00:00","guid":{"rendered":"https:\/\/www.nbamaniacs.com\/de\/nachrichten\/j-j-redick-pfeift-auf-lebrons-und-ads-sommer\/"},"modified":"2024-09-10T09:00:00","modified_gmt":"2024-09-10T07:00:00","slug":"j-j-redick-pfeift-auf-lebrons-und-ads-sommer","status":"publish","type":"post","link":"https:\/\/www.nbamaniacs.com\/de\/nachrichten\/j-j-redick-pfeift-auf-lebrons-und-ads-sommer\/","title":{"rendered":"J.J. Redick pfeift auf LeBrons und ADs Sommer"},"content":{"rendered":"<p>F\u00fcr einige der gr\u00f6\u00dften NBA-Stars verlief die Offseason diesmal anders. Durch ein Olympiajahr gerieten Sommerpause und Routinen von Spielern wie LeBron James und Anthony Davis durcheinander. Weniger Erholung, mehr Workouts \u2026 Wird sich das bemerkbar machen, wenn die neue Saison Ende Oktober startet? Lakers-Headcoach J.J. Redick betont, es gebe keinen Grund zur Sorge.<\/p>\n<p>\u201cSchau \u2026 Diese Jungs sind Profis durch und durch. Ich mache mir keine Sorgen, ob sie am 22. Oktober bereit sind oder fit genug. Wir arbeiten mit Mike und Ish (unsere Kraft- und Konditionscoaches) zusammen, damit sie zum Start der Regular Season in einer Top-Verfassung sind. Sie werden wahrscheinlich sehr aktiv im Trainingscamp im September und in den Preseason-Spielen mitwirken\u201d, sagte er Daniel Starkand von <em>LakersNation.com<\/em>.<\/p>\n<p>Redick liegt damit nicht falsch. An diesem Punkt zu hinterfragen, was LeBron und Davis aufs Parkett bringen, klingt absurd. The King hat schon immer geliefert \u2013 und eigentlich \u00fcbertrifft er seit Jahren s\u00e4mtliche Erwartungen. Bei The Brow sind nur Verletzungen der Faktor, der seine herausragenden Leistungen bremsen kann.<\/p>\n<p><em>(Titelbild: Candice Ward\/Getty Images)<\/em><\/p>\n","protected":false},"excerpt":{"rendered":"<p>F\u00fcr einige der gr\u00f6\u00dften NBA-Stars verlief die Offseason diesmal anders. Durch ein Olympiajahr gerieten Sommerpause und Routinen von Spielern wie LeBron James und Anthony Davis &#8230; <a title=\"J.J. Redick pfeift auf LeBrons und ADs Sommer\" class=\"read-more\" href=\"https:\/\/www.nbamaniacs.com\/de\/nachrichten\/j-j-redick-pfeift-auf-lebrons-und-ads-sommer\/\" aria-label=\"Mehr Informationen \u00fcber J.J. Redick pfeift auf LeBrons und ADs Sommer\">Mehr lesen<\/a><\/p>\n","protected":false},"author":14497,"featured_media":405960,"comment_status":"open","ping_status":"closed","sticky":false,"template":"","format":"standard","meta":{"ub_ctt_via":"","footnotes":""},"categories":[6],"tags":[945,301,17,10],"class_list":["post-405975","post","type-post","status-publish","format-standard","has-post-thumbnail","hentry","category-nachrichten","tag-anthony-davis","tag-j-j-redick","tag-lebron-james","tag-los-angeles-lakers","no-featured-image-padding","resize-featured-image"],"featured_image_src":"https:\/\/www.nbamaniacs.com\/de\/wp-content\/uploads\/2025\/06\/keine-spanische-schlagzeile-vorhanden-36.jpg","author_info":{"display_name":"Niko Jens Schwann","author_link":"https:\/\/www.nbamaniacs.com\/de\/autor\/niko-jens-schwann\/"},"_links":{"self":[{"href":"https:\/\/www.nbamaniacs.com\/de\/wp-json\/wp\/v2\/posts\/405975","targetHints":{"allow":["GET"]}}],"collection":[{"href":"https:\/\/www.nbamaniacs.com\/de\/wp-json\/wp\/v2\/posts"}],"about":[{"href":"https:\/\/www.nbamaniacs.com\/de\/wp-json\/wp\/v2\/types\/post"}],"author":[{"embeddable":true,"href":"https:\/\/www.nbamaniacs.com\/de\/wp-json\/wp\/v2\/users\/14497"}],"replies":[{"embeddable":true,"href":"https:\/\/www.nbamaniacs.com\/de\/wp-json\/wp\/v2\/comments?post=405975"}],"version-history":[{"count":0,"href":"https:\/\/www.nbamaniacs.com\/de\/wp-json\/wp\/v2\/posts\/405975\/revisions"}],"wp:featuredmedia":[{"embeddable":true,"href":"https:\/\/www.nbamaniacs.com\/de\/wp-json\/wp\/v2\/media\/405960"}],"wp:attachment":[{"href":"https:\/\/www.nbamaniacs.com\/de\/wp-json\/wp\/v2\/media?parent=405975"}],"wp:term":[{"taxonomy":"category","embeddable":true,"href":"https:\/\/www.nbamaniacs.com\/de\/wp-json\/wp\/v2\/categories?post=405975"},{"taxonomy":"post_tag","embeddable":true,"href":"https:\/\/www.nbamaniacs.com\/de\/wp-json\/wp\/v2\/tags?post=405975"}],"curies":[{"name":"wp","href":"https:\/\/api.w.org\/{rel}","templated":true}]}}