{"id":406249,"date":"2024-08-13T09:00:00","date_gmt":"2024-08-13T07:00:00","guid":{"rendered":"https:\/\/www.nbamaniacs.com\/de\/nachrichten\/haliburton-erleidet-neue-olympia-verletzung\/"},"modified":"2024-08-13T09:00:00","modified_gmt":"2024-08-13T07:00:00","slug":"haliburton-erleidet-neue-olympia-verletzung","status":"publish","type":"post","link":"https:\/\/www.nbamaniacs.com\/de\/nachrichten\/haliburton-erleidet-neue-olympia-verletzung\/","title":{"rendered":"Haliburton erleidet neue Olympia-Verletzung"},"content":{"rendered":"<p>Obwohl Tyrese Haliburtons Saison 2023\u201324 \u00fcberragend verlief, \u00e4nderte sich alles, als er sich <a href=\"https:\/\/www.nbamaniacs.com\/rumores-nba\/tyrese-haliburton-evita-una-lesion-de-gravedad\/\">Anfang Januar verletzte<\/a>. Er kehrte schnell zur\u00fcck und f\u00fchrte die Pacers weiter an. Doch seine Leistung lie\u00df nach, und seine Gesundheit blieb ein st\u00e4ndiges Thema. Gegen Ende der Playoffs musste er in der Serie gegen die Boston Celtics erneut aussetzen.<\/p>\n<p>Die Pacers schlugen zwar nie Alarm, behalten ihn aber genau im Auge, damit kleinere R\u00fcckschl\u00e4ge nicht chronisch werden. W\u00e4hrend sie auf den Start der Saison 2024\u201325 warten, zeigt sich nun, dass ihn seine Verletzung sogar bis zu den Olympischen Spielen 2024 in Paris begleitete.<\/p>\n<p>Laut Brian Windhorst von <em>ESPN<\/em> hatte der Star aus Indiana mit einem leichten Problem am Bein zu k\u00e4mpfen, weshalb das medizinische Team von Team USA ein MRT durchf\u00fchrte. Die Ergebnisse fielen positiv aus, und niemand rechnet mit Sp\u00e4tfolgen. Dennoch ist das ein weiterer Grund, ihn genau zu beobachten.<\/p>\n<p>Tatsache ist, dass Haliburton sich bislang kaum verausgabt hat, weil Steve Kerr ihn als zw\u00f6lften Mann einsetzt. In den drei Partien, an denen er teilnahm, kam er auf durchschnittlich 8,8 Minuten Einsatzzeit.<\/p>\n<p><em>(Photo by Gregory Shamus\/Getty Images)<\/em><\/p>\n","protected":false},"excerpt":{"rendered":"<p>Obwohl Tyrese Haliburtons Saison 2023\u201324 \u00fcberragend verlief, \u00e4nderte sich alles, als er sich Anfang Januar verletzte. Er kehrte schnell zur\u00fcck und f\u00fchrte die Pacers weiter &#8230; <a title=\"Haliburton erleidet neue Olympia-Verletzung\" class=\"read-more\" href=\"https:\/\/www.nbamaniacs.com\/de\/nachrichten\/haliburton-erleidet-neue-olympia-verletzung\/\" aria-label=\"Mehr Informationen \u00fcber Haliburton erleidet neue Olympia-Verletzung\">Mehr lesen<\/a><\/p>\n","protected":false},"author":14497,"featured_media":406241,"comment_status":"open","ping_status":"closed","sticky":false,"template":"","format":"standard","meta":{"ub_ctt_via":"","footnotes":""},"categories":[6],"tags":[119,4219],"class_list":["post-406249","post","type-post","status-publish","format-standard","has-post-thumbnail","hentry","category-nachrichten","tag-indiana-pacers","tag-tyrese-haliburton","no-featured-image-padding","resize-featured-image"],"featured_image_src":"https:\/\/www.nbamaniacs.com\/de\/wp-content\/uploads\/2025\/06\/keine-spanische-schlagzeile-verf-ugbar-16.jpg","author_info":{"display_name":"Niko Jens Schwann","author_link":"https:\/\/www.nbamaniacs.com\/de\/autor\/niko-jens-schwann\/"},"_links":{"self":[{"href":"https:\/\/www.nbamaniacs.com\/de\/wp-json\/wp\/v2\/posts\/406249","targetHints":{"allow":["GET"]}}],"collection":[{"href":"https:\/\/www.nbamaniacs.com\/de\/wp-json\/wp\/v2\/posts"}],"about":[{"href":"https:\/\/www.nbamaniacs.com\/de\/wp-json\/wp\/v2\/types\/post"}],"author":[{"embeddable":true,"href":"https:\/\/www.nbamaniacs.com\/de\/wp-json\/wp\/v2\/users\/14497"}],"replies":[{"embeddable":true,"href":"https:\/\/www.nbamaniacs.com\/de\/wp-json\/wp\/v2\/comments?post=406249"}],"version-history":[{"count":0,"href":"https:\/\/www.nbamaniacs.com\/de\/wp-json\/wp\/v2\/posts\/406249\/revisions"}],"wp:featuredmedia":[{"embeddable":true,"href":"https:\/\/www.nbamaniacs.com\/de\/wp-json\/wp\/v2\/media\/406241"}],"wp:attachment":[{"href":"https:\/\/www.nbamaniacs.com\/de\/wp-json\/wp\/v2\/media?parent=406249"}],"wp:term":[{"taxonomy":"category","embeddable":true,"href":"https:\/\/www.nbamaniacs.com\/de\/wp-json\/wp\/v2\/categories?post=406249"},{"taxonomy":"post_tag","embeddable":true,"href":"https:\/\/www.nbamaniacs.com\/de\/wp-json\/wp\/v2\/tags?post=406249"}],"curies":[{"name":"wp","href":"https:\/\/api.w.org\/{rel}","templated":true}]}}