{"id":406284,"date":"2024-08-09T10:00:00","date_gmt":"2024-08-09T08:00:00","guid":{"rendered":"https:\/\/www.nbamaniacs.com\/de\/nachrichten\/pesic-schiedsrichter-missachteten-serbien\/"},"modified":"2025-06-11T12:05:29","modified_gmt":"2025-06-11T10:05:29","slug":"pesic-schiedsrichter-missachteten-serbien","status":"publish","type":"post","link":"https:\/\/www.nbamaniacs.com\/de\/nachrichten\/pesic-schiedsrichter-missachteten-serbien\/","title":{"rendered":"Pesic: Schiedsrichter missachteten Serbien"},"content":{"rendered":"<p>Serbien war einem historischen Sieg \u00fcber die Vereinigten Staaten zum Greifen nahe und stand kurz davor, in einem Spiel zu triumphieren, das durch hauchd\u00fcnne Unterschiede entschieden wurde. War die Schiedsrichterleistung einer dieser Faktoren? Genau das meint Svetislav Pesic. Der serbische Head Coach verwies in seiner Pressekonferenz nach der Partie auf die Unparteiischen und betonte, dass sein Team sich nicht respektiert f\u00fchlte.<\/p>\n<p>\u201eIch will keine Ausreden suchen, aber wer verliert, hat das Recht, ver\u00e4rgert zu sein. Und warum bin ich ver\u00e4rgert? Weil die Schiedsrichter uns nicht respektiert haben\u201c, sagte er. \u201eUnd das nicht nur in diesem Spiel. Ich rede nicht gern dar\u00fcber, aber ich musste es ansprechen. Ich m\u00f6chte den Amerikanern gratulieren und ihnen viel Gl\u00fcck im Finale w\u00fcnschen, doch heute sind ein paar merkw\u00fcrdige Dinge passiert. Ich bin nicht w\u00fctend, nur entt\u00e4uscht, weil wir weder als Team noch als Land respektiert wurden. Das ist einer der Gr\u00fcnde, weshalb wir die fantastische Leistung, die wir gezeigt haben, nicht zu Ende bringen konnten.\u201c<\/p>\n<p>Pesic ging au\u00dferdem auf die geringe Zahl an Freiw\u00fcrfen ein, die Nikola Jokic und Bogdan Bogdanovic bekamen.<\/p>\n<p>\u201eWenn einer der besten Spieler der Welt, vielleicht der beste, nur vier Freiw\u00fcrfe bekommt, obwohl er 37 Minuten spielt und bei jedem Angriff den Ball ber\u00fchrt; und unser zweitbester Spieler nur zwei Freiw\u00fcrfe zieht, obwohl er den Ball bei jedem zweiten oder dritten Angriff bekommt, l\u00e4uft etwas Seltsames.\u201c<\/p>\n<p>Fouls waren nicht der einzige kontroverse Aspekt der Begegnung. Die gr\u00f6\u00dfte Panne passierte, als Serbien in der Schlussminute noch einmal aufholen wollte, doch Bogdan Bogdanovic wurde wegen eines R\u00fcckfeldversto\u00dfes zur\u00fcckgepfiffen, obwohl der Verteidiger den Ball zuvor eindeutig ber\u00fchrt hatte.<\/p>\n<p>Trotzdem sind die Serben nicht allein mit ihrer Unzufriedenheit. <a href=\"https:\/\/www.nbamaniacs.com\/de\/nachrichten\/suedsudan-empoert-ueber-schiedsrichterleistung-gegen-serbien\/\">S\u00fcdsudan protestierte schon gegen die Schiedsrichterleistung<\/a> nach seinem Duell mit Serbien. Solche Szenarien werden sich wohl fortsetzen, solange die besten Nationalmannschaften der Welt nicht von den besten Referees des Planeten gepfiffen werden.<\/p>\n<p><em>(Cover photo: Sarah Stier\/Getty Images)<\/em><\/p>\n","protected":false},"excerpt":{"rendered":"<p>Serbien war einem historischen Sieg \u00fcber die Vereinigten Staaten zum Greifen nahe und stand kurz davor, in einem Spiel zu triumphieren, das durch hauchd\u00fcnne Unterschiede &#8230; <a title=\"Pesic: Schiedsrichter missachteten Serbien\" class=\"read-more\" href=\"https:\/\/www.nbamaniacs.com\/de\/nachrichten\/pesic-schiedsrichter-missachteten-serbien\/\" aria-label=\"Mehr Informationen \u00fcber Pesic: Schiedsrichter missachteten Serbien\">Mehr lesen<\/a><\/p>\n","protected":false},"author":14497,"featured_media":406270,"comment_status":"open","ping_status":"closed","sticky":false,"template":"","format":"standard","meta":{"ub_ctt_via":"","footnotes":""},"categories":[6],"tags":[2374,2804,1815,3296],"class_list":["post-406284","post","type-post","status-publish","format-standard","has-post-thumbnail","hentry","category-nachrichten","tag-bogdan-bogdanovic","tag-nikola-jokic","tag-serbien","tag-estados-unidos","no-featured-image-padding","resize-featured-image"],"featured_image_src":"https:\/\/www.nbamaniacs.com\/de\/wp-content\/uploads\/2025\/06\/lebron-f-uhrt-lakers-zum-souver-anen-ausw-artssieg-1.jpg","author_info":{"display_name":"Niko Jens Schwann","author_link":"https:\/\/www.nbamaniacs.com\/de\/autor\/niko-jens-schwann\/"},"_links":{"self":[{"href":"https:\/\/www.nbamaniacs.com\/de\/wp-json\/wp\/v2\/posts\/406284","targetHints":{"allow":["GET"]}}],"collection":[{"href":"https:\/\/www.nbamaniacs.com\/de\/wp-json\/wp\/v2\/posts"}],"about":[{"href":"https:\/\/www.nbamaniacs.com\/de\/wp-json\/wp\/v2\/types\/post"}],"author":[{"embeddable":true,"href":"https:\/\/www.nbamaniacs.com\/de\/wp-json\/wp\/v2\/users\/14497"}],"replies":[{"embeddable":true,"href":"https:\/\/www.nbamaniacs.com\/de\/wp-json\/wp\/v2\/comments?post=406284"}],"version-history":[{"count":1,"href":"https:\/\/www.nbamaniacs.com\/de\/wp-json\/wp\/v2\/posts\/406284\/revisions"}],"predecessor-version":[{"id":410933,"href":"https:\/\/www.nbamaniacs.com\/de\/wp-json\/wp\/v2\/posts\/406284\/revisions\/410933"}],"wp:featuredmedia":[{"embeddable":true,"href":"https:\/\/www.nbamaniacs.com\/de\/wp-json\/wp\/v2\/media\/406270"}],"wp:attachment":[{"href":"https:\/\/www.nbamaniacs.com\/de\/wp-json\/wp\/v2\/media?parent=406284"}],"wp:term":[{"taxonomy":"category","embeddable":true,"href":"https:\/\/www.nbamaniacs.com\/de\/wp-json\/wp\/v2\/categories?post=406284"},{"taxonomy":"post_tag","embeddable":true,"href":"https:\/\/www.nbamaniacs.com\/de\/wp-json\/wp\/v2\/tags?post=406284"}],"curies":[{"name":"wp","href":"https:\/\/api.w.org\/{rel}","templated":true}]}}