{"id":406342,"date":"2024-08-05T12:42:55","date_gmt":"2024-08-05T10:42:55","guid":{"rendered":"https:\/\/www.nbamaniacs.com\/de\/nachrichten\/fournier-und-collet-tauschen-scharfe-worte\/"},"modified":"2024-08-05T12:42:55","modified_gmt":"2024-08-05T10:42:55","slug":"fournier-und-collet-tauschen-scharfe-worte","status":"publish","type":"post","link":"https:\/\/www.nbamaniacs.com\/de\/nachrichten\/fournier-und-collet-tauschen-scharfe-worte\/","title":{"rendered":"Fournier und Collet tauschen scharfe Worte"},"content":{"rendered":"<p>Der franz\u00f6sische Forward Evan Fournier \u00e4u\u00dferte seinen Unmut nach der Niederlage gegen Deutschland im letzten Spiel der ersten Phase der Olympischen Spiele Paris 2024. Der ehemalige Knicks- und Pistons-Profi w\u00e4hlte deutliche Worte, um die Leistung seines Teams zu beschreiben.<\/p>\n<p>\u201eUns hat einiges gefehlt. Die Ausf\u00fchrung. Die Klarheit in unserem Spiel \u2026 Ich glaube, wir machen Fehler. Defensiv haben wir ihren beiden besten Spielern zu viel Raum gelassen, und das ist inakzeptabel. Du kannst nicht zulassen, dass sie die H\u00e4lfte ihrer Punkte erzielen. Das ist unm\u00f6glich\u201c, sagte Fournier laut <em>FIBA.com<\/em>.<\/p>\n<p>Seine Worte trafen Frankreichs Head Coach Vicent Collet hart. Er z\u00f6gerte nicht und reagierte umgehend in der franz\u00f6sischen Presse vor Ort.<\/p>\n<p>\u201eEvan (Fournier) repr\u00e4sentiert nicht das gesamte Team. Diese Aussage ist ungl\u00fccklich. Sie ist inakzeptabel. Er hat jedes Recht, das zu denken, aber nicht, es \u00f6ffentlich zu sagen. Wenn wir in einem Wettbewerb wie diesem stecken und uns als Team pr\u00e4sentieren, m\u00fcssen wir solche Dinge intern regeln. Es ist eine Sache, wenn er direkt auf mich zukommt, aber so zu reden, ist v\u00f6llig inakzeptabel\u201c, sagte Collet.<\/p>\n<p>Doch damit war es nicht vorbei. Wenige Stunden vor dem entscheidenden Duell gegen Kanada (August 6 at 6:00 p.m.) konterte Fournier erneut gegen Collet.<\/p>\n<p>\u201eWas ich gesagt habe, ist Fakt. Ich bin niemand, der vorschnell Presseerkl\u00e4rungen abgibt. Alles, was ich gesagt habe, gilt f\u00fcr das gesamte Team. Wenn wir den Ball verlieren, wenn wir aus 15 Metern werfen, wenn wir unser Gleichgewicht verlieren \u2026 dann f\u00f6rdert das die Transition und Fastbreaks der anderen Teams. Wir m\u00fcssen unsere Offense verbessern. Wir d\u00fcrfen nicht mit unserer aktuellen Leistung zufrieden sein und trotzdem glauben, wir holen eine Medaille\u201c, schloss er ab.<\/p>\n<p><em>(Photo: Gregory Shamus\/Getty Images)<\/em><\/p>\n","protected":false},"excerpt":{"rendered":"<p>Der franz\u00f6sische Forward Evan Fournier \u00e4u\u00dferte seinen Unmut nach der Niederlage gegen Deutschland im letzten Spiel der ersten Phase der Olympischen Spiele Paris 2024. Der &#8230; <a title=\"Fournier und Collet tauschen scharfe Worte\" class=\"read-more\" href=\"https:\/\/www.nbamaniacs.com\/de\/nachrichten\/fournier-und-collet-tauschen-scharfe-worte\/\" aria-label=\"Mehr Informationen \u00fcber Fournier und Collet tauschen scharfe Worte\">Mehr lesen<\/a><\/p>\n","protected":false},"author":14497,"featured_media":406321,"comment_status":"open","ping_status":"closed","sticky":false,"template":"","format":"standard","meta":{"ub_ctt_via":"","footnotes":""},"categories":[6],"tags":[1476,1076],"class_list":["post-406342","post","type-post","status-publish","format-standard","has-post-thumbnail","hentry","category-nachrichten","tag-evan-fournier","tag-frankreich","no-featured-image-padding","resize-featured-image"],"featured_image_src":"https:\/\/www.nbamaniacs.com\/de\/wp-content\/uploads\/2025\/06\/keine-spanische-schlagzeile-vorhanden-41.jpg","author_info":{"display_name":"Niko Jens Schwann","author_link":"https:\/\/www.nbamaniacs.com\/de\/autor\/niko-jens-schwann\/"},"_links":{"self":[{"href":"https:\/\/www.nbamaniacs.com\/de\/wp-json\/wp\/v2\/posts\/406342","targetHints":{"allow":["GET"]}}],"collection":[{"href":"https:\/\/www.nbamaniacs.com\/de\/wp-json\/wp\/v2\/posts"}],"about":[{"href":"https:\/\/www.nbamaniacs.com\/de\/wp-json\/wp\/v2\/types\/post"}],"author":[{"embeddable":true,"href":"https:\/\/www.nbamaniacs.com\/de\/wp-json\/wp\/v2\/users\/14497"}],"replies":[{"embeddable":true,"href":"https:\/\/www.nbamaniacs.com\/de\/wp-json\/wp\/v2\/comments?post=406342"}],"version-history":[{"count":0,"href":"https:\/\/www.nbamaniacs.com\/de\/wp-json\/wp\/v2\/posts\/406342\/revisions"}],"wp:featuredmedia":[{"embeddable":true,"href":"https:\/\/www.nbamaniacs.com\/de\/wp-json\/wp\/v2\/media\/406321"}],"wp:attachment":[{"href":"https:\/\/www.nbamaniacs.com\/de\/wp-json\/wp\/v2\/media?parent=406342"}],"wp:term":[{"taxonomy":"category","embeddable":true,"href":"https:\/\/www.nbamaniacs.com\/de\/wp-json\/wp\/v2\/categories?post=406342"},{"taxonomy":"post_tag","embeddable":true,"href":"https:\/\/www.nbamaniacs.com\/de\/wp-json\/wp\/v2\/tags?post=406342"}],"curies":[{"name":"wp","href":"https:\/\/api.w.org\/{rel}","templated":true}]}}