{"id":406396,"date":"2024-07-31T08:00:00","date_gmt":"2024-07-31T06:00:00","guid":{"rendered":"https:\/\/www.nbamaniacs.com\/de\/nachrichten\/billups-westbrook-wird-in-denver-aufbluehen\/"},"modified":"2025-06-11T12:06:09","modified_gmt":"2025-06-11T10:06:09","slug":"billups-westbrook-wird-in-denver-aufbluehen","status":"publish","type":"post","link":"https:\/\/www.nbamaniacs.com\/de\/nachrichten\/billups-westbrook-wird-in-denver-aufbluehen\/","title":{"rendered":"Billups: Westbrook wird in Denver aufbl\u00fchen"},"content":{"rendered":"<p>Es war einer der gr\u00f6\u00dften Deals des Sommers. Die Denver Nuggets, NBA-Champion von 2023, <a href=\"https:\/\/www.nbamaniacs.com\/de\/geruchte\/westbrook-unterschreibt-2-jahres-deal-bei-den-nuggets\/\">haben Russell Westbrook<\/a>, den MVP von 2017, f\u00fcr zwei Jahre unter Vertrag genommen.<\/p>\n<p>Der Neuzugang des 35-j\u00e4hrigen Point Guards sorgt jedoch f\u00fcr Skepsis. Seine Stationen bei den beiden Teams aus Los Angeles, den Lakers und den Clippers, st\u00e4rkten seinen Ruf nicht, da er angeblich schwer in ein Team-First-Konzept passt. Dennoch zeigt seine Leistung, dass er immer noch liefert. In der vergangenen Saison kam er im Schnitt auf 11,1 Punkte, 5 Rebounds und 4,5 Assists in nur 22,5 Minuten pro Spiel.<\/p>\n<p>Angesichts dieser Zahlen und seiner langj\u00e4hrigen Bekanntschaft mit ihm ist Portland-Trail-Blazers-Headcoach Chauncey Billups \u00fcberzeugt, dass Russ gut zu den Nuggets passt. Er bringe mehr H\u00e4rte und mentale St\u00e4rke.<\/p>\n<p>\u201eRuss hilft definitiv mit der Tiefe, die sie brauchen. Er bringt genau diese Qualit\u00e4ten ein. Klar, er und Kentavious Caldwell-Pope sind v\u00f6llig unterschiedliche Spieler. Aber ja, der Verlust von KCP war\u2026 Ich freue mich und bin stolz, dass er f\u00fcr seine tollen Jahre in Denver belohnt worden ist. Trotzdem ist das nat\u00fcrlich ein erheblicher Verlust\u201c, sagte er gegen\u00fcber Sean Keeler von <em>Denver Post<\/em>.<\/p>\n<p><em>(Photo by Harry How\/Getty Images)<\/em><\/p>\n","protected":false},"excerpt":{"rendered":"<p>Es war einer der gr\u00f6\u00dften Deals des Sommers. Die Denver Nuggets, NBA-Champion von 2023, haben Russell Westbrook, den MVP von 2017, f\u00fcr zwei Jahre unter &#8230; <a title=\"Billups: Westbrook wird in Denver aufbl\u00fchen\" class=\"read-more\" href=\"https:\/\/www.nbamaniacs.com\/de\/nachrichten\/billups-westbrook-wird-in-denver-aufbluehen\/\" aria-label=\"Mehr Informationen \u00fcber Billups: Westbrook wird in Denver aufbl\u00fchen\">Mehr lesen<\/a><\/p>\n","protected":false},"author":14497,"featured_media":406386,"comment_status":"open","ping_status":"closed","sticky":false,"template":"","format":"standard","meta":{"ub_ctt_via":"","footnotes":""},"categories":[6],"tags":[54,23,264],"class_list":["post-406396","post","type-post","status-publish","format-standard","has-post-thumbnail","hentry","category-nachrichten","tag-chauncey-billups","tag-denver-nuggets","tag-russell-westbrook","no-featured-image-padding","resize-featured-image"],"featured_image_src":"https:\/\/www.nbamaniacs.com\/de\/wp-content\/uploads\/2025\/06\/keine-spanische-headline-vorhanden-61.jpg","author_info":{"display_name":"Niko Jens Schwann","author_link":"https:\/\/www.nbamaniacs.com\/de\/autor\/niko-jens-schwann\/"},"_links":{"self":[{"href":"https:\/\/www.nbamaniacs.com\/de\/wp-json\/wp\/v2\/posts\/406396","targetHints":{"allow":["GET"]}}],"collection":[{"href":"https:\/\/www.nbamaniacs.com\/de\/wp-json\/wp\/v2\/posts"}],"about":[{"href":"https:\/\/www.nbamaniacs.com\/de\/wp-json\/wp\/v2\/types\/post"}],"author":[{"embeddable":true,"href":"https:\/\/www.nbamaniacs.com\/de\/wp-json\/wp\/v2\/users\/14497"}],"replies":[{"embeddable":true,"href":"https:\/\/www.nbamaniacs.com\/de\/wp-json\/wp\/v2\/comments?post=406396"}],"version-history":[{"count":1,"href":"https:\/\/www.nbamaniacs.com\/de\/wp-json\/wp\/v2\/posts\/406396\/revisions"}],"predecessor-version":[{"id":410948,"href":"https:\/\/www.nbamaniacs.com\/de\/wp-json\/wp\/v2\/posts\/406396\/revisions\/410948"}],"wp:featuredmedia":[{"embeddable":true,"href":"https:\/\/www.nbamaniacs.com\/de\/wp-json\/wp\/v2\/media\/406386"}],"wp:attachment":[{"href":"https:\/\/www.nbamaniacs.com\/de\/wp-json\/wp\/v2\/media?parent=406396"}],"wp:term":[{"taxonomy":"category","embeddable":true,"href":"https:\/\/www.nbamaniacs.com\/de\/wp-json\/wp\/v2\/categories?post=406396"},{"taxonomy":"post_tag","embeddable":true,"href":"https:\/\/www.nbamaniacs.com\/de\/wp-json\/wp\/v2\/tags?post=406396"}],"curies":[{"name":"wp","href":"https:\/\/api.w.org\/{rel}","templated":true}]}}