{"id":406455,"date":"2024-07-23T11:00:00","date_gmt":"2024-07-23T09:00:00","guid":{"rendered":"https:\/\/www.nbamaniacs.com\/de\/nachrichten\/new-orleans-verpflichtet-reeves-fuer-drei-jahre\/"},"modified":"2024-07-23T11:00:00","modified_gmt":"2024-07-23T09:00:00","slug":"new-orleans-verpflichtet-reeves-fuer-drei-jahre","status":"publish","type":"post","link":"https:\/\/www.nbamaniacs.com\/de\/nachrichten\/new-orleans-verpflichtet-reeves-fuer-drei-jahre\/","title":{"rendered":"New Orleans verpflichtet Reeves f\u00fcr drei Jahre"},"content":{"rendered":"<p>Die Pelicans vertrauen auf Antonio Reeves. Darauf l\u00e4uft der Dreijahresvertrag \u00fcber 5,4 Millionen Dollar hinaus, den sie mit dem 23-j\u00e4hrigen Guard abgeschlossen haben, der in der zweiten Runde des j\u00fcngsten Drafts ausgew\u00e4hlt wurde.<\/p>\n<p>Laut Michael Scotto von <em>HoopsHype<\/em> \u2013 und nun, da der 23-J\u00e4hrige offiziell unterschrieben hat \u2013 kam die Einigung \u00fcber eine <em>second-round pick exception<\/em> zustande, die es New Orleans erm\u00f6glicht, Reeves f\u00fcr die genannte Summe zu halten. Zudem ist das dritte Vertragsjahr an eine Team-Option gekn\u00fcpft.<\/p>\n<p>Was der No. 47 pick im j\u00fcngsten Draft beitragen kann, hat er in der Summer League \u2013 in der die Miami Heat den Titel holten \u2013 gezeigt: 11,8 Punkte, 2,4 Rebounds, 1,6 Assists und 1 Steal pro Spiel in f\u00fcnf Partien.<\/p>\n<p>Mit Reeves an Bord haben die Pelicans 14 Standardvertr\u00e4ge, wenn man Matt Ryan mitrechnet. Dessen Deal wird garantiert, sollte er am Er\u00f6ffnungsabend der Saison 2024\u201325 noch dabei sein.<\/p>\n<p>Nach zwei College-Jahren bei den Kentucky Wildcats kam Reeves in der Saison 2023\u201324 auf durchschnittlich 20,2 Punkte und 4,2 Rebounds und traf 44,7 Prozent seiner Dreier.<\/p>\n<p><em>(Photo by Monica Schipper\/Getty Images)<\/em><\/p>\n","protected":false},"excerpt":{"rendered":"<p>Die Pelicans vertrauen auf Antonio Reeves. Darauf l\u00e4uft der Dreijahresvertrag \u00fcber 5,4 Millionen Dollar hinaus, den sie mit dem 23-j\u00e4hrigen Guard abgeschlossen haben, der in &#8230; <a title=\"New Orleans verpflichtet Reeves f\u00fcr drei Jahre\" class=\"read-more\" href=\"https:\/\/www.nbamaniacs.com\/de\/nachrichten\/new-orleans-verpflichtet-reeves-fuer-drei-jahre\/\" aria-label=\"Mehr Informationen \u00fcber New Orleans verpflichtet Reeves f\u00fcr drei Jahre\">Mehr lesen<\/a><\/p>\n","protected":false},"author":14497,"featured_media":406447,"comment_status":"open","ping_status":"closed","sticky":false,"template":"","format":"standard","meta":{"ub_ctt_via":"","footnotes":""},"categories":[6],"tags":[1328],"class_list":["post-406455","post","type-post","status-publish","format-standard","has-post-thumbnail","hentry","category-nachrichten","tag-new-orleans-pelicans","no-featured-image-padding","resize-featured-image"],"featured_image_src":"https:\/\/www.nbamaniacs.com\/de\/wp-content\/uploads\/2025\/06\/lebron-f-uhrt-lakers-zum-n-achsten-sieg.jpg","author_info":{"display_name":"Niko Jens Schwann","author_link":"https:\/\/www.nbamaniacs.com\/de\/autor\/niko-jens-schwann\/"},"_links":{"self":[{"href":"https:\/\/www.nbamaniacs.com\/de\/wp-json\/wp\/v2\/posts\/406455","targetHints":{"allow":["GET"]}}],"collection":[{"href":"https:\/\/www.nbamaniacs.com\/de\/wp-json\/wp\/v2\/posts"}],"about":[{"href":"https:\/\/www.nbamaniacs.com\/de\/wp-json\/wp\/v2\/types\/post"}],"author":[{"embeddable":true,"href":"https:\/\/www.nbamaniacs.com\/de\/wp-json\/wp\/v2\/users\/14497"}],"replies":[{"embeddable":true,"href":"https:\/\/www.nbamaniacs.com\/de\/wp-json\/wp\/v2\/comments?post=406455"}],"version-history":[{"count":0,"href":"https:\/\/www.nbamaniacs.com\/de\/wp-json\/wp\/v2\/posts\/406455\/revisions"}],"wp:featuredmedia":[{"embeddable":true,"href":"https:\/\/www.nbamaniacs.com\/de\/wp-json\/wp\/v2\/media\/406447"}],"wp:attachment":[{"href":"https:\/\/www.nbamaniacs.com\/de\/wp-json\/wp\/v2\/media?parent=406455"}],"wp:term":[{"taxonomy":"category","embeddable":true,"href":"https:\/\/www.nbamaniacs.com\/de\/wp-json\/wp\/v2\/categories?post=406455"},{"taxonomy":"post_tag","embeddable":true,"href":"https:\/\/www.nbamaniacs.com\/de\/wp-json\/wp\/v2\/tags?post=406455"}],"curies":[{"name":"wp","href":"https:\/\/api.w.org\/{rel}","templated":true}]}}