{"id":406605,"date":"2024-07-09T15:00:00","date_gmt":"2024-07-09T13:00:00","guid":{"rendered":"https:\/\/www.nbamaniacs.com\/de\/nachrichten\/zubac-und-saric-pruegeln-sich-in-der-bar\/"},"modified":"2024-07-09T15:00:00","modified_gmt":"2024-07-09T13:00:00","slug":"zubac-und-saric-pruegeln-sich-in-der-bar","status":"publish","type":"post","link":"https:\/\/www.nbamaniacs.com\/de\/nachrichten\/zubac-und-saric-pruegeln-sich-in-der-bar\/","title":{"rendered":"Zubac und Saric pr\u00fcgeln sich in der Bar"},"content":{"rendered":"<p>Ivica Zubac und Dario Saric gerieten in Athen in eine Schl\u00e4gerei, nur wenige Stunden nachdem Kroatien aus dem olympischen Qualifikationsturnier ausgeschieden war. In einem von <em>TMZ Sports<\/em> ver\u00f6ffentlichten Video ist zu sehen, wie der Clippers-Center mit einer Person aneinanderger\u00e4t und von Sicherheitskr\u00e4ften weggezogen werden muss \u2013 genau wie Saric, als er eingreifen wollte, um seinem Nationalmannschaftskollegen beizustehen.<\/p>\n<figure class=\"wp-block-embed is-type-rich is-provider-twitter wp-block-embed-twitter\">\n<div class=\"wp-block-embed__wrapper\">\n<blockquote class=\"twitter-tweet\" data-width=\"550\" data-dnt=\"true\">\n<p lang=\"en\" dir=\"ltr\">Ivica Zubac &amp; Dario Saric were involved in a bar fight ?<\/p>\n<p>(Via <a href=\"https:\/\/twitter.com\/TMZ_Sports?ref_src=twsrc%5Etfw\" target=\"_blank\" rel=\"noopener nofollow\">@TMZ_Sports<\/a> ) <\/p>\n<p> <a href=\"https:\/\/t.co\/pdfaUrHxEl\" target=\"_blank\" rel=\"nofollow\">pic.twitter.com\/pdfaUrHxEl<\/a><\/p>\n<p>&mdash; NBACentral (@TheDunkCentral) <a href=\"https:\/\/twitter.com\/TheDunkCentral\/status\/1810395382410784808?ref_src=twsrc%5Etfw\" target=\"_blank\" rel=\"noopener nofollow\">July 8, 2024<\/a><\/p><\/blockquote>\n<p><script async src=\"https:\/\/platform.twitter.com\/widgets.js\" charset=\"utf-8\"><\/script>\n<\/div>\n<\/figure>\n<p>Obwohl das Filmmaterial nicht ganz eindeutig ist, berichtet das Portal au\u00dferdem, dass Saric von einem Unbekannten am Hals gepackt und zu Boden gebracht wurde. Bevor die Situation eskalierte, beruhigten sich beide Spieler und verlie\u00dfen den Ort.<\/p>\n<p>Die kroatische Nationalmannschaft hat sich noch nicht ge\u00e4u\u00dfert, doch offenbar waren ihre Mitglieder von dem Vorfall \u00fcberrascht und wissen nicht, was ihn ausgel\u00f6st hat. Sobald weitere Details ans Licht kommen, wird sich zeigen, ob die Spieler mit Konsequenzen rechnen m\u00fcssen \u2013 etwa einer m\u00f6glichen NBA-Sanktion. In der Vergangenheit wurden schon andere Profis f\u00fcr Vorf\u00e4lle abseits des Courts bestraft, die das Image der NBA beeintr\u00e4chtigten.<\/p>\n<p><em>(Cover-Foto: Ronald Mart\u00ednez\/Getty Images)<\/em><\/p>\n","protected":false},"excerpt":{"rendered":"<p>Ivica Zubac und Dario Saric gerieten in Athen in eine Schl\u00e4gerei, nur wenige Stunden nachdem Kroatien aus dem olympischen Qualifikationsturnier ausgeschieden war. In einem von &#8230; <a title=\"Zubac und Saric pr\u00fcgeln sich in der Bar\" class=\"read-more\" href=\"https:\/\/www.nbamaniacs.com\/de\/nachrichten\/zubac-und-saric-pruegeln-sich-in-der-bar\/\" aria-label=\"Mehr Informationen \u00fcber Zubac und Saric pr\u00fcgeln sich in der Bar\">Mehr lesen<\/a><\/p>\n","protected":false},"author":14497,"featured_media":406596,"comment_status":"open","ping_status":"closed","sticky":false,"template":"","format":"standard","meta":{"ub_ctt_via":"","footnotes":""},"categories":[6],"tags":[1507,3132,1819],"class_list":["post-406605","post","type-post","status-publish","format-standard","has-post-thumbnail","hentry","category-nachrichten","tag-dario-saric","tag-ivica-zubac","tag-kroatien","no-featured-image-padding","resize-featured-image"],"featured_image_src":"https:\/\/www.nbamaniacs.com\/de\/wp-content\/uploads\/2025\/06\/spanische-headline-fehlt-keine-bersetzung-m-oglich-1.jpg","author_info":{"display_name":"Niko Jens Schwann","author_link":"https:\/\/www.nbamaniacs.com\/de\/autor\/niko-jens-schwann\/"},"_links":{"self":[{"href":"https:\/\/www.nbamaniacs.com\/de\/wp-json\/wp\/v2\/posts\/406605","targetHints":{"allow":["GET"]}}],"collection":[{"href":"https:\/\/www.nbamaniacs.com\/de\/wp-json\/wp\/v2\/posts"}],"about":[{"href":"https:\/\/www.nbamaniacs.com\/de\/wp-json\/wp\/v2\/types\/post"}],"author":[{"embeddable":true,"href":"https:\/\/www.nbamaniacs.com\/de\/wp-json\/wp\/v2\/users\/14497"}],"replies":[{"embeddable":true,"href":"https:\/\/www.nbamaniacs.com\/de\/wp-json\/wp\/v2\/comments?post=406605"}],"version-history":[{"count":0,"href":"https:\/\/www.nbamaniacs.com\/de\/wp-json\/wp\/v2\/posts\/406605\/revisions"}],"wp:featuredmedia":[{"embeddable":true,"href":"https:\/\/www.nbamaniacs.com\/de\/wp-json\/wp\/v2\/media\/406596"}],"wp:attachment":[{"href":"https:\/\/www.nbamaniacs.com\/de\/wp-json\/wp\/v2\/media?parent=406605"}],"wp:term":[{"taxonomy":"category","embeddable":true,"href":"https:\/\/www.nbamaniacs.com\/de\/wp-json\/wp\/v2\/categories?post=406605"},{"taxonomy":"post_tag","embeddable":true,"href":"https:\/\/www.nbamaniacs.com\/de\/wp-json\/wp\/v2\/tags?post=406605"}],"curies":[{"name":"wp","href":"https:\/\/api.w.org\/{rel}","templated":true}]}}