{"id":406606,"date":"2024-07-11T07:00:00","date_gmt":"2024-07-11T05:00:00","guid":{"rendered":"https:\/\/www.nbamaniacs.com\/de\/nachrichten\/wizards-verpflichten-saddiq-bey\/"},"modified":"2024-07-11T07:00:00","modified_gmt":"2024-07-11T05:00:00","slug":"wizards-verpflichten-saddiq-bey","status":"publish","type":"post","link":"https:\/\/www.nbamaniacs.com\/de\/nachrichten\/wizards-verpflichten-saddiq-bey\/","title":{"rendered":"Wizards verpflichten Saddiq Bey"},"content":{"rendered":"<p>Die Washington Wizards haben Saddiq Bey in ihren Kader aufgenommen. Laut Adrian Wojnarowski von <em>ESPN<\/em> hat die Hauptstadt-Franchise den Shooting Guard mit einem Dreijahresvertrag \u00fcber 20,0 Millionen Dollar verpflichtet. Damit erh\u00e4lt er in einer schwierigen Phase etwas Stabilit\u00e4t.<\/p>\n<p>Bey erholt sich derzeit von einem <a href=\"https:\/\/www.nbamaniacs.com\/noticias\/saddiq-bey-no-volvera-a-jugar-esta-temporada\/\">Kreuzbandriss im linken Bein<\/a> \u2013 eine Verletzung, die ihn letzte Saison ausbremste und ihn noch mehrere Monate vom Court fernhalten wird. Unter anderem deshalb hatten die Hawks kein Interesse daran, ihn zur\u00fcckzuholen. Sie verzichteten auf ein Qualifying Offer und lie\u00dfen ihn in den unbeschr\u00e4nkten Free-Agent-Markt gehen, was seine Aussichten zun\u00e4chst unsicher wirken lie\u00df.<\/p>\n<p>Die Wizards nutzten trotzdem die Gelegenheit, ihn zu verpflichten, und machten sich die Rebuilding-Phase des Teams zunutze, um ihm gen\u00fcgend Zeit zur Genesung zu geben. Sobald er wieder fit ist, kann er sich einem jungen Kern anschlie\u00dfen und daran arbeiten, ihn beim Wachstum zu unterst\u00fctzen \u2013 ohne den Druck, sofort auf h\u00f6chstem Niveau abliefern zu m\u00fcssen.<\/p>\n<p>Saddiq hat sich in seinen vier NBA-Spielzeiten als solider Scorer hervorgetan: Er erzielte im Schnitt 14,1 Punkte pro Spiel und brachte es sogar auf 51 Z\u00e4hler in einer Partie. Es bleibt abzuwarten, wie die Wizards ihn w\u00e4hrend dieses Vertrags einsetzen. Sollte er wieder zur alten St\u00e4rke finden, k\u00f6nnte er zu einem wertvollen Trade-Chip f\u00fcr ein Team werden, das nach zus\u00e4tzlichem Offensiv-Punch sucht.<\/p>\n<p><em>(Cover-Foto: Kevin C. Cox\/Getty Images)<\/em><\/p>\n","protected":false},"excerpt":{"rendered":"<p>Die Washington Wizards haben Saddiq Bey in ihren Kader aufgenommen. Laut Adrian Wojnarowski von ESPN hat die Hauptstadt-Franchise den Shooting Guard mit einem Dreijahresvertrag \u00fcber &#8230; <a title=\"Wizards verpflichten Saddiq Bey\" class=\"read-more\" href=\"https:\/\/www.nbamaniacs.com\/de\/nachrichten\/wizards-verpflichten-saddiq-bey\/\" aria-label=\"Mehr Informationen \u00fcber Wizards verpflichten Saddiq Bey\">Mehr lesen<\/a><\/p>\n","protected":false},"author":14497,"featured_media":406598,"comment_status":"open","ping_status":"closed","sticky":false,"template":"","format":"standard","meta":{"ub_ctt_via":"","footnotes":""},"categories":[6],"tags":[4245,81],"class_list":["post-406606","post","type-post","status-publish","format-standard","has-post-thumbnail","hentry","category-nachrichten","tag-saddiq-bey","tag-washington-wizards","no-featured-image-padding","resize-featured-image"],"featured_image_src":"https:\/\/www.nbamaniacs.com\/de\/wp-content\/uploads\/2025\/06\/lakers-dominieren-dramatischer-heimsieg.jpg","author_info":{"display_name":"Niko Jens Schwann","author_link":"https:\/\/www.nbamaniacs.com\/de\/autor\/niko-jens-schwann\/"},"_links":{"self":[{"href":"https:\/\/www.nbamaniacs.com\/de\/wp-json\/wp\/v2\/posts\/406606","targetHints":{"allow":["GET"]}}],"collection":[{"href":"https:\/\/www.nbamaniacs.com\/de\/wp-json\/wp\/v2\/posts"}],"about":[{"href":"https:\/\/www.nbamaniacs.com\/de\/wp-json\/wp\/v2\/types\/post"}],"author":[{"embeddable":true,"href":"https:\/\/www.nbamaniacs.com\/de\/wp-json\/wp\/v2\/users\/14497"}],"replies":[{"embeddable":true,"href":"https:\/\/www.nbamaniacs.com\/de\/wp-json\/wp\/v2\/comments?post=406606"}],"version-history":[{"count":0,"href":"https:\/\/www.nbamaniacs.com\/de\/wp-json\/wp\/v2\/posts\/406606\/revisions"}],"wp:featuredmedia":[{"embeddable":true,"href":"https:\/\/www.nbamaniacs.com\/de\/wp-json\/wp\/v2\/media\/406598"}],"wp:attachment":[{"href":"https:\/\/www.nbamaniacs.com\/de\/wp-json\/wp\/v2\/media?parent=406606"}],"wp:term":[{"taxonomy":"category","embeddable":true,"href":"https:\/\/www.nbamaniacs.com\/de\/wp-json\/wp\/v2\/categories?post=406606"},{"taxonomy":"post_tag","embeddable":true,"href":"https:\/\/www.nbamaniacs.com\/de\/wp-json\/wp\/v2\/tags?post=406606"}],"curies":[{"name":"wp","href":"https:\/\/api.w.org\/{rel}","templated":true}]}}