{"id":406703,"date":"2024-07-02T19:13:03","date_gmt":"2024-07-02T17:13:03","guid":{"rendered":"https:\/\/www.nbamaniacs.com\/de\/nachrichten\/james-wiseman-unterschreibt-zweijahresvertrag-bei-den-pacers\/"},"modified":"2024-07-02T19:13:03","modified_gmt":"2024-07-02T17:13:03","slug":"james-wiseman-unterschreibt-zweijahresvertrag-bei-den-pacers","status":"publish","type":"post","link":"https:\/\/www.nbamaniacs.com\/de\/nachrichten\/james-wiseman-unterschreibt-zweijahresvertrag-bei-den-pacers\/","title":{"rendered":"James Wiseman unterschreibt Zweijahresvertrag bei den Pacers"},"content":{"rendered":"<p>Ist das der Beginn von James Wisemans Comeback? Die Indiana Pacers <a href=\"https:\/\/x.com\/wojespn\/status\/1808183726456652109\" target=\"_blank\" rel=\"nofollow\">haben soeben den jungen Center<\/a> f\u00fcr zwei Jahre verpflichtet. Der Center wurde von den Golden State Warriors beim Draft 2020 an Position 2 ausgew\u00e4hlt. Eine Serie von Verletzungen und seine schwierige Eingew\u00f6hnung in die NBA f\u00fchrten dazu, dass San Francisco ihn Anfang 2023 zu den Detroit Pistons transferierte. In Michigan lief es bisher kaum besser.<\/p>\n<p>Wiseman hat insgesamt 87 Spiele f\u00fcr die Pistons absolviert und stand dabei durchschnittlich weniger als 20 Minuten pro Partie auf dem Parkett. Im Schnitt erzielte er 7,1 Punkte und 5,3 Rebounds. Jetzt schlie\u00dft er sich den Pacers an, deren offensiver Fluss seine Athletik nutzen und gleichzeitig einige seiner technischen und taktischen Schw\u00e4chen kaschieren kann. Der Center soll die L\u00fccke f\u00fcllen, die Jalen Smiths Abgang hinterlassen hat.<\/p>\n<figure class=\"wp-block-embed is-type-rich is-provider-twitter wp-block-embed-twitter\">\n<div class=\"wp-block-embed__wrapper\">\n<blockquote class=\"twitter-tweet\" data-width=\"550\" data-dnt=\"true\">\n<p lang=\"en\" dir=\"ltr\">Free agent center James Wiseman has agreed on a two-year contract with the Indiana Pacers, sources tell ESPN. Wiseman was the No. 2 overall pick in the 2020 NBA Draft. <a href=\"https:\/\/t.co\/UBA9Yhlejx\" target=\"_blank\" rel=\"nofollow\">pic.twitter.com\/UBA9Yhlejx<\/a><\/p>\n<p>&mdash; Adrian Wojnarowski (@wojespn) <a href=\"https:\/\/twitter.com\/wojespn\/status\/1808183726456652109?ref_src=twsrc%5Etfw\" target=\"_blank\" rel=\"noopener nofollow\">July 2, 2024<\/a><\/p><\/blockquote>\n<p><script async src=\"https:\/\/platform.twitter.com\/widgets.js\" charset=\"utf-8\"><\/script>\n<\/div>\n<\/figure>\n<p><em>(Cover photo by Michael Reaves\/Getty Images)<\/em><\/p>\n","protected":false},"excerpt":{"rendered":"<p>Ist das der Beginn von James Wisemans Comeback? Die Indiana Pacers haben soeben den jungen Center f\u00fcr zwei Jahre verpflichtet. Der Center wurde von den &#8230; <a title=\"James Wiseman unterschreibt Zweijahresvertrag bei den Pacers\" class=\"read-more\" href=\"https:\/\/www.nbamaniacs.com\/de\/nachrichten\/james-wiseman-unterschreibt-zweijahresvertrag-bei-den-pacers\/\" aria-label=\"Mehr Informationen \u00fcber James Wiseman unterschreibt Zweijahresvertrag bei den Pacers\">Mehr lesen<\/a><\/p>\n","protected":false},"author":14497,"featured_media":406682,"comment_status":"open","ping_status":"closed","sticky":false,"template":"","format":"standard","meta":{"ub_ctt_via":"","footnotes":""},"categories":[6],"tags":[22,119,4033],"class_list":["post-406703","post","type-post","status-publish","format-standard","has-post-thumbnail","hentry","category-nachrichten","tag-detroit-pistons","tag-indiana-pacers","tag-james-wiseman","no-featured-image-padding","resize-featured-image"],"featured_image_src":"https:\/\/www.nbamaniacs.com\/de\/wp-content\/uploads\/2025\/06\/gettyimages-2063733195-f-angt-den-entscheidenden-moment-ein.jpg","author_info":{"display_name":"Niko Jens Schwann","author_link":"https:\/\/www.nbamaniacs.com\/de\/autor\/niko-jens-schwann\/"},"_links":{"self":[{"href":"https:\/\/www.nbamaniacs.com\/de\/wp-json\/wp\/v2\/posts\/406703","targetHints":{"allow":["GET"]}}],"collection":[{"href":"https:\/\/www.nbamaniacs.com\/de\/wp-json\/wp\/v2\/posts"}],"about":[{"href":"https:\/\/www.nbamaniacs.com\/de\/wp-json\/wp\/v2\/types\/post"}],"author":[{"embeddable":true,"href":"https:\/\/www.nbamaniacs.com\/de\/wp-json\/wp\/v2\/users\/14497"}],"replies":[{"embeddable":true,"href":"https:\/\/www.nbamaniacs.com\/de\/wp-json\/wp\/v2\/comments?post=406703"}],"version-history":[{"count":0,"href":"https:\/\/www.nbamaniacs.com\/de\/wp-json\/wp\/v2\/posts\/406703\/revisions"}],"wp:featuredmedia":[{"embeddable":true,"href":"https:\/\/www.nbamaniacs.com\/de\/wp-json\/wp\/v2\/media\/406682"}],"wp:attachment":[{"href":"https:\/\/www.nbamaniacs.com\/de\/wp-json\/wp\/v2\/media?parent=406703"}],"wp:term":[{"taxonomy":"category","embeddable":true,"href":"https:\/\/www.nbamaniacs.com\/de\/wp-json\/wp\/v2\/categories?post=406703"},{"taxonomy":"post_tag","embeddable":true,"href":"https:\/\/www.nbamaniacs.com\/de\/wp-json\/wp\/v2\/tags?post=406703"}],"curies":[{"name":"wp","href":"https:\/\/api.w.org\/{rel}","templated":true}]}}