{"id":406704,"date":"2024-07-03T09:00:00","date_gmt":"2024-07-03T07:00:00","guid":{"rendered":"https:\/\/www.nbamaniacs.com\/de\/nachrichten\/j-j-redick-bronny-james-hat-es-sich-hart-verdient\/"},"modified":"2025-06-11T12:09:04","modified_gmt":"2025-06-11T10:09:04","slug":"j-j-redick-bronny-james-hat-es-sich-hart-verdient","status":"publish","type":"post","link":"https:\/\/www.nbamaniacs.com\/de\/nachrichten\/j-j-redick-bronny-james-hat-es-sich-hart-verdient\/","title":{"rendered":"J.J. Redick: Bronny James hat es sich hart verdient."},"content":{"rendered":"<p>Wie fast alle erwartet haben, w\u00e4hlten die Los Angeles Lakers <a href=\"https:\/\/www.nbamaniacs.com\/de\/geruchte\/lakers-verpflichten-bronny-james\/\">Bronny James (LeBron James\u2019 Sohn) mit dem 55. Pick im Draft<\/a>, der vor einer Woche stattfand. Der junge Spieler \u00fcberzeugte keine andere Franchise au\u00dfer die Lakers aus Kalifornien, die ihn gestern zusammen mit seinem Draft-Kollegen Dalton Knecht vorstellten. Nat\u00fcrlich richteten sich sofort alle Blicke auf den Erstgeborenen des Kings, <a href=\"https:\/\/www.nbamaniacs.com\/de\/nachrichten\/bronny-james-unterschreibt-vierjahresvertrag-bei-den-lakers\/\">der einen Multijahresvertrag bei den Purple and Gold unterschreiben wird<\/a>.<\/p>\n<p>Als es offiziell losging, bedankte sich Bronny bei allen Anwesenden \u2013 darunter General Manager Rob Pelinka und Head Coach J.J. Redick \u2013 f\u00fcr alles, was sie f\u00fcr ihn getan hatten. Es war eine aufrichtige Geste, doch der Coach betonte, dass sie ihm nichts geschenkt h\u00e4tten. \u201eRob und ich haben Bronny nichts gegeben. Bronny hat es sich verdient\u2026 Bronny hat es sich mit harter Arbeit verdient\u201c, sagte er.<\/p>\n<p>Zusammen mit seinen Eltern, LeBron und Savannah James, sprach Bronny offen dar\u00fcber, was es bedeutet, jetzt im Rampenlicht zu stehen \u2013 n\u00e4mlich Teil einer so ikonischen Franchise wie den Lakers zu sein und sich dabei eine Umkleidekabine mit seinem Vater zu teilen.<\/p>\n<p>\u201eDa ist auf jeden Fall mehr Druck. Ich habe es schon in den sozialen Medien gesehen und all das, wenn Leute sagen, ich h\u00e4tte es vielleicht nicht verdient. Aber damit lebe ich mein ganzes Leben lang. Das ist nichts Neues, auch wenn es jetzt viel intensiver ist. Ich werde da durchkommen, ohne Frage\u201c, sagte er.<\/p>\n<h2 class=\"wp-block-heading\">Seine College-Statistiken<\/h2>\n<p>Das ist zweifellos die Statistik, die am meisten diskutiert wird. Mit 19 ging Bronny in den Draft, nachdem er bei USC in 19,3 Minuten pro Spiel im Schnitt 4,8 Punkte bei 36,6 % Trefferquote aus dem Feld (26,7 % von der Dreierlinie) sowie 2,8 Rebounds und 2,1 Assists geliefert hatte \u2013 und das, nachdem er sich letzten Sommer einer Herzoperation unterzogen hatte. Bronny betont, dass dieser <em>R\u00fcckschlag<\/em> seine Entwicklung bremste.<\/p>\n<p>\u201eIch glaube, ich h\u00e4tte mein Spiel noch feiner abstimmen k\u00f6nnen. Ich habe das Gef\u00fchl, dass ich jetzt erst die Chance bekomme zu zeigen, was ich wirklich draufhabe, weil ich bei USC nicht viele M\u00f6glichkeiten hatte. Ich freue mich auf das, was kommt\u201c, schloss er.<\/p>\n<p><em>(Foto von Ronald Martinez\/Getty Images)<\/em><\/p>\n","protected":false},"excerpt":{"rendered":"<p>Wie fast alle erwartet haben, w\u00e4hlten die Los Angeles Lakers Bronny James (LeBron James\u2019 Sohn) mit dem 55. Pick im Draft, der vor einer Woche &#8230; <a title=\"J.J. Redick: Bronny James hat es sich hart verdient.\" class=\"read-more\" href=\"https:\/\/www.nbamaniacs.com\/de\/nachrichten\/j-j-redick-bronny-james-hat-es-sich-hart-verdient\/\" aria-label=\"Mehr Informationen \u00fcber J.J. Redick: Bronny James hat es sich hart verdient.\">Mehr lesen<\/a><\/p>\n","protected":false},"author":14497,"featured_media":406683,"comment_status":"open","ping_status":"closed","sticky":false,"template":"","format":"standard","meta":{"ub_ctt_via":"","footnotes":""},"categories":[6],"tags":[3945,301,10,3560],"class_list":["post-406704","post","type-post","status-publish","format-standard","has-post-thumbnail","hentry","category-nachrichten","tag-bronny-james","tag-j-j-redick","tag-los-angeles-lakers","tag-rob-pelinka","no-featured-image-padding","resize-featured-image"],"featured_image_src":"https:\/\/www.nbamaniacs.com\/de\/wp-content\/uploads\/2025\/06\/kein-spanischer-text-gefunden-9.jpg","author_info":{"display_name":"Niko Jens Schwann","author_link":"https:\/\/www.nbamaniacs.com\/de\/autor\/niko-jens-schwann\/"},"_links":{"self":[{"href":"https:\/\/www.nbamaniacs.com\/de\/wp-json\/wp\/v2\/posts\/406704","targetHints":{"allow":["GET"]}}],"collection":[{"href":"https:\/\/www.nbamaniacs.com\/de\/wp-json\/wp\/v2\/posts"}],"about":[{"href":"https:\/\/www.nbamaniacs.com\/de\/wp-json\/wp\/v2\/types\/post"}],"author":[{"embeddable":true,"href":"https:\/\/www.nbamaniacs.com\/de\/wp-json\/wp\/v2\/users\/14497"}],"replies":[{"embeddable":true,"href":"https:\/\/www.nbamaniacs.com\/de\/wp-json\/wp\/v2\/comments?post=406704"}],"version-history":[{"count":1,"href":"https:\/\/www.nbamaniacs.com\/de\/wp-json\/wp\/v2\/posts\/406704\/revisions"}],"predecessor-version":[{"id":411017,"href":"https:\/\/www.nbamaniacs.com\/de\/wp-json\/wp\/v2\/posts\/406704\/revisions\/411017"}],"wp:featuredmedia":[{"embeddable":true,"href":"https:\/\/www.nbamaniacs.com\/de\/wp-json\/wp\/v2\/media\/406683"}],"wp:attachment":[{"href":"https:\/\/www.nbamaniacs.com\/de\/wp-json\/wp\/v2\/media?parent=406704"}],"wp:term":[{"taxonomy":"category","embeddable":true,"href":"https:\/\/www.nbamaniacs.com\/de\/wp-json\/wp\/v2\/categories?post=406704"},{"taxonomy":"post_tag","embeddable":true,"href":"https:\/\/www.nbamaniacs.com\/de\/wp-json\/wp\/v2\/tags?post=406704"}],"curies":[{"name":"wp","href":"https:\/\/api.w.org\/{rel}","templated":true}]}}