{"id":406705,"date":"2024-07-02T16:00:00","date_gmt":"2024-07-02T14:00:00","guid":{"rendered":"https:\/\/www.nbamaniacs.com\/de\/nachrichten\/paul-george-traegt-iverson-jersey-zum-76ers-interview\/"},"modified":"2025-06-11T12:09:28","modified_gmt":"2025-06-11T10:09:28","slug":"paul-george-traegt-iverson-jersey-zum-76ers-interview","status":"publish","type":"post","link":"https:\/\/www.nbamaniacs.com\/de\/nachrichten\/paul-george-traegt-iverson-jersey-zum-76ers-interview\/","title":{"rendered":"Paul George tr\u00e4gt Iverson-Jersey zum 76ers-Interview"},"content":{"rendered":"<p>Paul George schien es kaum erwarten zu k\u00f6nnen, sich den Philadelphia 76ers anzuschlie\u00dfen \u2013 zumindest lie\u00df das sein Auftritt beim Gespr\u00e4ch mit dem Franchise aus Pennsylvania vermuten. Der Forward kam in einem Trikot, das Allen Iversons Saison 2000\u201301 w\u00fcrdigte, als der Guard zum MVP gek\u00fcrt wurde. So bewies George sowohl seinen Respekt vor einer Teamlegende als auch seine Bereitschaft, das Basketball-Erbe der Stadt anzunehmen.<\/p>\n<p>Diese Geste kam bei der F\u00fchrungsetage offenbar gut an, die schlie\u00dflich einen <a href=\"https:\/\/www.nbamaniacs.com\/de\/geruchte\/paul-george-unterschreibt-4-jahresdeal-212-mio-fuer-sixers\/\">$212 million deal over four seasons<\/a> mit George vereinbarte. Er schlie\u00dft sich Joel Embiid und Tyrese Maxey an, um eine der m\u00e4chtigsten Big-3-Konstellationen der Liga zu bilden \u2013 mit dem Ziel, endlich den Playoff-Fluch zu brechen, der auf den 76ers lastet. Seit genau jener Saison, auf die Georges Trikot anspielt, haben sie n\u00e4mlich nicht mehr die Conference Finals erreicht.<\/p>\n<p>George muss seine Entschlossenheit jetzt auf dem Court beweisen, doch mit dieser kleinen Geste hat er sich bereits die Anerkennung der Fans und der Stadt gesichert. Zwar kommt er nicht mit dem Starstatus, den Iverson einst hatte, aber wenn er sich in seine neue Rolle einf\u00fcgt und das liefert, was die 76ers brauchen, k\u00f6nnte er f\u00fcr Nick Nurses Team beinahe ebenso wichtig werden.<\/p>\n<p><em>(Cover photo: Harry How\/Getty Images)<\/em><\/p>\n","protected":false},"excerpt":{"rendered":"<p>Paul George schien es kaum erwarten zu k\u00f6nnen, sich den Philadelphia 76ers anzuschlie\u00dfen \u2013 zumindest lie\u00df das sein Auftritt beim Gespr\u00e4ch mit dem Franchise aus &#8230; <a title=\"Paul George tr\u00e4gt Iverson-Jersey zum 76ers-Interview\" class=\"read-more\" href=\"https:\/\/www.nbamaniacs.com\/de\/nachrichten\/paul-george-traegt-iverson-jersey-zum-76ers-interview\/\" aria-label=\"Mehr Informationen \u00fcber Paul George tr\u00e4gt Iverson-Jersey zum 76ers-Interview\">Mehr lesen<\/a><\/p>\n","protected":false},"author":14497,"featured_media":406690,"comment_status":"open","ping_status":"closed","sticky":false,"template":"","format":"standard","meta":{"ub_ctt_via":"","footnotes":""},"categories":[6],"tags":[30,463,547],"class_list":["post-406705","post","type-post","status-publish","format-standard","has-post-thumbnail","hentry","category-nachrichten","tag-allen-iverson","tag-paul-george","tag-philadelphia-76ers","no-featured-image-padding","resize-featured-image"],"featured_image_src":"https:\/\/www.nbamaniacs.com\/de\/wp-content\/uploads\/2025\/06\/keine-spanische-headline-vorhanden-66.jpg","author_info":{"display_name":"Niko Jens Schwann","author_link":"https:\/\/www.nbamaniacs.com\/de\/autor\/niko-jens-schwann\/"},"_links":{"self":[{"href":"https:\/\/www.nbamaniacs.com\/de\/wp-json\/wp\/v2\/posts\/406705","targetHints":{"allow":["GET"]}}],"collection":[{"href":"https:\/\/www.nbamaniacs.com\/de\/wp-json\/wp\/v2\/posts"}],"about":[{"href":"https:\/\/www.nbamaniacs.com\/de\/wp-json\/wp\/v2\/types\/post"}],"author":[{"embeddable":true,"href":"https:\/\/www.nbamaniacs.com\/de\/wp-json\/wp\/v2\/users\/14497"}],"replies":[{"embeddable":true,"href":"https:\/\/www.nbamaniacs.com\/de\/wp-json\/wp\/v2\/comments?post=406705"}],"version-history":[{"count":1,"href":"https:\/\/www.nbamaniacs.com\/de\/wp-json\/wp\/v2\/posts\/406705\/revisions"}],"predecessor-version":[{"id":411026,"href":"https:\/\/www.nbamaniacs.com\/de\/wp-json\/wp\/v2\/posts\/406705\/revisions\/411026"}],"wp:featuredmedia":[{"embeddable":true,"href":"https:\/\/www.nbamaniacs.com\/de\/wp-json\/wp\/v2\/media\/406690"}],"wp:attachment":[{"href":"https:\/\/www.nbamaniacs.com\/de\/wp-json\/wp\/v2\/media?parent=406705"}],"wp:term":[{"taxonomy":"category","embeddable":true,"href":"https:\/\/www.nbamaniacs.com\/de\/wp-json\/wp\/v2\/categories?post=406705"},{"taxonomy":"post_tag","embeddable":true,"href":"https:\/\/www.nbamaniacs.com\/de\/wp-json\/wp\/v2\/tags?post=406705"}],"curies":[{"name":"wp","href":"https:\/\/api.w.org\/{rel}","templated":true}]}}