{"id":406764,"date":"2024-07-01T08:30:00","date_gmt":"2024-07-01T06:30:00","guid":{"rendered":"https:\/\/www.nbamaniacs.com\/de\/nachrichten\/wizards-verpflichten-jonas-valanciunas-als-center\/"},"modified":"2024-07-01T08:30:00","modified_gmt":"2024-07-01T06:30:00","slug":"wizards-verpflichten-jonas-valanciunas-als-center","status":"publish","type":"post","link":"https:\/\/www.nbamaniacs.com\/de\/nachrichten\/wizards-verpflichten-jonas-valanciunas-als-center\/","title":{"rendered":"Wizards verpflichten Jonas Valanciunas als Center"},"content":{"rendered":"<p>Jonas Valanciunas hat sich mit den Washington Wizards geeinigt. Laut Adrian Wojnarowski von <em>ESPN<\/em> setzt der litauische Center seine Karriere in der Hauptstadt-Franchise fort und unterschreibt einen Dreijahresvertrag \u00fcber 30.000.000 Dollar.<\/p>\n<p>Valanciunas schien fest entschlossen, New Orleans, das mehr Positionsflexibilit\u00e4t anstrebte, zu verlassen und fand letztendlich seinen Platz in einem jungen Team im Neuaufbau. Nachdem Washington Alex Sarr mit dem zweiten Pick im Draft gew\u00e4hlt hatte, wird Jonas voraussichtlich als Backup-Center der Wizards dienen. Er soll hinter dem jungen Big Man f\u00fcr Stabilit\u00e4t sorgen und ihm in seinem ersten Jahr in der Liga bei der Entwicklung helfen.<\/p>\n<p>Diese Free Agency verlief f\u00fcr den Big Man zun\u00e4chst wenig vielversprechend, weil die Evolution des modernen Basketballs ihn in eine knifflige Lage gebracht hat. Trotz seiner Wucht in der Zone und seines verbesserten Dreier-Wurfs fehlt ihm die Beweglichkeit, die heutige Center besonders in der Defense brauchen. Das bereitete den Pelicans immer wieder Probleme und erschwerte ihm die Suche nach einem neuen Team. Da er vielleicht nicht perfekt in Washingtons Neuaufbau passt, k\u00f6nnten die Wizards ihn sp\u00e4ter als Trade-Asset nutzen. Vorerst bekommt er jedoch die Chance, in einem weniger kompetitiven Umfeld seinen Beitrag zu leisten.<\/p>\n<p>Immerhin kommt Valanciunas von durchschnittlich 12,2 Punkten und 8,8 Rebounds pro Partie \u2013 Werte, die zeigen, dass er in der Zone noch einiges bewirken kann. Ob er in bestimmten Situationen genug produziert, um m\u00f6gliche Schwachstellen zu kompensieren, bleibt abzuwarten.<\/p>\n<p><em>(Cover photo: Ronald Mart\u00ednez\/Getty Images)<\/em><\/p>\n","protected":false},"excerpt":{"rendered":"<p>Jonas Valanciunas hat sich mit den Washington Wizards geeinigt. Laut Adrian Wojnarowski von ESPN setzt der litauische Center seine Karriere in der Hauptstadt-Franchise fort und &#8230; <a title=\"Wizards verpflichten Jonas Valanciunas als Center\" class=\"read-more\" href=\"https:\/\/www.nbamaniacs.com\/de\/nachrichten\/wizards-verpflichten-jonas-valanciunas-als-center\/\" aria-label=\"Mehr Informationen \u00fcber Wizards verpflichten Jonas Valanciunas als Center\">Mehr lesen<\/a><\/p>\n","protected":false},"author":14497,"featured_media":406753,"comment_status":"open","ping_status":"closed","sticky":false,"template":"","format":"standard","meta":{"ub_ctt_via":"","footnotes":""},"categories":[6],"tags":[760,81],"class_list":["post-406764","post","type-post","status-publish","format-standard","has-post-thumbnail","hentry","category-nachrichten","tag-jonas-valanciunas","tag-washington-wizards","no-featured-image-padding","resize-featured-image"],"featured_image_src":"https:\/\/www.nbamaniacs.com\/de\/wp-content\/uploads\/2025\/06\/lakers-dominieren-die-bulls-im-overtime-krimi.jpg","author_info":{"display_name":"Niko Jens Schwann","author_link":"https:\/\/www.nbamaniacs.com\/de\/autor\/niko-jens-schwann\/"},"_links":{"self":[{"href":"https:\/\/www.nbamaniacs.com\/de\/wp-json\/wp\/v2\/posts\/406764","targetHints":{"allow":["GET"]}}],"collection":[{"href":"https:\/\/www.nbamaniacs.com\/de\/wp-json\/wp\/v2\/posts"}],"about":[{"href":"https:\/\/www.nbamaniacs.com\/de\/wp-json\/wp\/v2\/types\/post"}],"author":[{"embeddable":true,"href":"https:\/\/www.nbamaniacs.com\/de\/wp-json\/wp\/v2\/users\/14497"}],"replies":[{"embeddable":true,"href":"https:\/\/www.nbamaniacs.com\/de\/wp-json\/wp\/v2\/comments?post=406764"}],"version-history":[{"count":0,"href":"https:\/\/www.nbamaniacs.com\/de\/wp-json\/wp\/v2\/posts\/406764\/revisions"}],"wp:featuredmedia":[{"embeddable":true,"href":"https:\/\/www.nbamaniacs.com\/de\/wp-json\/wp\/v2\/media\/406753"}],"wp:attachment":[{"href":"https:\/\/www.nbamaniacs.com\/de\/wp-json\/wp\/v2\/media?parent=406764"}],"wp:term":[{"taxonomy":"category","embeddable":true,"href":"https:\/\/www.nbamaniacs.com\/de\/wp-json\/wp\/v2\/categories?post=406764"},{"taxonomy":"post_tag","embeddable":true,"href":"https:\/\/www.nbamaniacs.com\/de\/wp-json\/wp\/v2\/tags?post=406764"}],"curies":[{"name":"wp","href":"https:\/\/api.w.org\/{rel}","templated":true}]}}