{"id":406767,"date":"2024-06-29T10:00:00","date_gmt":"2024-06-29T08:00:00","guid":{"rendered":"https:\/\/www.nbamaniacs.com\/de\/nachrichten\/kanada-tadelt-warriors-wegen-wiggins-olympia-aus\/"},"modified":"2025-06-11T12:10:47","modified_gmt":"2025-06-11T10:10:47","slug":"kanada-tadelt-warriors-wegen-wiggins-olympia-aus","status":"publish","type":"post","link":"https:\/\/www.nbamaniacs.com\/de\/nachrichten\/kanada-tadelt-warriors-wegen-wiggins-olympia-aus\/","title":{"rendered":"Kanada tadelt Warriors wegen Wiggins&#8216; Olympia-Aus"},"content":{"rendered":"<p>So schnell kann es gehen. Was wie ein komplettes Dream Team f\u00fcr Kanada bei den Olympischen Spielen 2024 in Paris aussah, wird am Ende doch nicht ganz so stark besetzt sein. Ja, Jamal Murray kommt dazu, aber l\u00e4ngst steht fest, dass Andrew Wiggins fehlen wird, der zehn Tage nach seiner Nominierung in <a href=\"https:\/\/www.nbamaniacs.com\/de\/nachrichten\/kanada-nominiert-20-spieler-fuer-paris-2024\/\">the 20-player preliminary roster<\/a> seine Absage mitteilte.<\/p>\n<p>F\u00fcr Kanada kam das \u00fcberraschend. Rowan Barrett, General Manager des Nationalteams, erkl\u00e4rte, er habe einen hochmotivierten Spieler gesehen, der unbedingt bei Olympia antreten wollte. Doch nach seinen Worten war es Wiggins\u2019 eigenes Team, die Golden State Warriors, das ihm die Reise in diesem Sommer in die franz\u00f6sische Hauptstadt verwehrte.<\/p>\n<p>\u201cAndrew war in unseren Augen bereit. Wir standen st\u00e4ndig mit ihm in Kontakt \u2013 er hat wochenlang trainiert, um fit zu sein. Dann bekam ich ein oder zwei Tage vor dem Trainingscamp einen Anruf von Golden State, dass er nicht kommen w\u00fcrde. Nach allem, was man mir sagte, war das nicht Andrews Entscheidung, sondern die seines Teams. Deshalb ist er nicht bei uns\u201d, so Barrett.<\/p>\n<p>Auf Nachfrage zu dieser Aussage teilten die Warriors <em>The Associated Press<\/em> mit, es sei eine gemeinsame Entscheidung zwischen dem Team und Wiggins gewesen. Trotzdem sagt Barrett, er f\u00fchle mit dem Spieler.<\/p>\n<p>\u201cIch bin entt\u00e4uscht f\u00fcr ihn. Er hat in den letzten Jahren viel durchgemacht, und seine Mutter war offensichtlich Olympiateilnehmerin. Er hatte sich sehr darauf gefreut und hart daf\u00fcr gearbeitet\u201d, sagt Barrett \u00fcber Wiggins, der seit 2021 nicht mehr f\u00fcr Kanada gespielt hat.<\/p>\n<p><em>(Photo by Kavin Mistry\/Getty Images)<\/em><\/p>\n","protected":false},"excerpt":{"rendered":"<p>So schnell kann es gehen. Was wie ein komplettes Dream Team f\u00fcr Kanada bei den Olympischen Spielen 2024 in Paris aussah, wird am Ende doch &#8230; <a title=\"Kanada tadelt Warriors wegen Wiggins&#8216; Olympia-Aus\" class=\"read-more\" href=\"https:\/\/www.nbamaniacs.com\/de\/nachrichten\/kanada-tadelt-warriors-wegen-wiggins-olympia-aus\/\" aria-label=\"Mehr Informationen \u00fcber Kanada tadelt Warriors wegen Wiggins&#8216; Olympia-Aus\">Mehr lesen<\/a><\/p>\n","protected":false},"author":14497,"featured_media":406747,"comment_status":"open","ping_status":"closed","sticky":false,"template":"","format":"standard","meta":{"ub_ctt_via":"","footnotes":""},"categories":[6],"tags":[1554,26],"class_list":["post-406767","post","type-post","status-publish","format-standard","has-post-thumbnail","hentry","category-nachrichten","tag-andrew-wiggins","tag-golden-state-warriors","no-featured-image-padding","resize-featured-image"],"featured_image_src":"https:\/\/www.nbamaniacs.com\/de\/wp-content\/uploads\/2025\/06\/keine-spanische-schlagzeile-vorhanden-55.jpg","author_info":{"display_name":"Niko Jens Schwann","author_link":"https:\/\/www.nbamaniacs.com\/de\/autor\/niko-jens-schwann\/"},"_links":{"self":[{"href":"https:\/\/www.nbamaniacs.com\/de\/wp-json\/wp\/v2\/posts\/406767","targetHints":{"allow":["GET"]}}],"collection":[{"href":"https:\/\/www.nbamaniacs.com\/de\/wp-json\/wp\/v2\/posts"}],"about":[{"href":"https:\/\/www.nbamaniacs.com\/de\/wp-json\/wp\/v2\/types\/post"}],"author":[{"embeddable":true,"href":"https:\/\/www.nbamaniacs.com\/de\/wp-json\/wp\/v2\/users\/14497"}],"replies":[{"embeddable":true,"href":"https:\/\/www.nbamaniacs.com\/de\/wp-json\/wp\/v2\/comments?post=406767"}],"version-history":[{"count":1,"href":"https:\/\/www.nbamaniacs.com\/de\/wp-json\/wp\/v2\/posts\/406767\/revisions"}],"predecessor-version":[{"id":411058,"href":"https:\/\/www.nbamaniacs.com\/de\/wp-json\/wp\/v2\/posts\/406767\/revisions\/411058"}],"wp:featuredmedia":[{"embeddable":true,"href":"https:\/\/www.nbamaniacs.com\/de\/wp-json\/wp\/v2\/media\/406747"}],"wp:attachment":[{"href":"https:\/\/www.nbamaniacs.com\/de\/wp-json\/wp\/v2\/media?parent=406767"}],"wp:term":[{"taxonomy":"category","embeddable":true,"href":"https:\/\/www.nbamaniacs.com\/de\/wp-json\/wp\/v2\/categories?post=406767"},{"taxonomy":"post_tag","embeddable":true,"href":"https:\/\/www.nbamaniacs.com\/de\/wp-json\/wp\/v2\/tags?post=406767"}],"curies":[{"name":"wp","href":"https:\/\/api.w.org\/{rel}","templated":true}]}}