{"id":406888,"date":"2024-06-19T13:00:47","date_gmt":"2024-06-19T11:00:47","guid":{"rendered":"https:\/\/www.nbamaniacs.com\/de\/nachrichten\/sergio-rodriguez-verkuendet-karriereende\/"},"modified":"2024-06-19T13:00:47","modified_gmt":"2024-06-19T11:00:47","slug":"sergio-rodriguez-verkuendet-karriereende","status":"publish","type":"post","link":"https:\/\/www.nbamaniacs.com\/de\/nachrichten\/sergio-rodriguez-verkuendet-karriereende\/","title":{"rendered":"Sergio Rodr\u00edguez verk\u00fcndet Karriereende"},"content":{"rendered":"<p>Real Madrids Basketballspieler Sergio Rodr\u00edguez hat eine Erkl\u00e4rung ver\u00f6ffentlicht, in der er seinen R\u00fccktritt vom Parkett mit 38 Jahren bekanntgibt.<\/p>\n<p>Der Point Guard aus Santa Cruz de Tenerife beendet eine Karriere, die bei Estudiantes begann. Sie fand ihren Abschluss mit Real Madrids 29. Meistertitel, nachdem das Team UCAM Murcia im Finale 3:0 besiegte.<\/p>\n<p>\u201eEl Chacho\u201c Rodr\u00edguez wechselte 2006 in die NBA, nachdem ihn die Phoenix Suns in der ersten Runde des Drafts an 27. Stelle ausgew\u00e4hlt hatten.<\/p>\n<p>In 353 offiziellen Partien f\u00fcr Portland, Sacramento, New York und zuletzt Philadelphia legte er in 15 Spielminuten pro Partie im Schnitt 4,9 Punkte, 1,4 Rebounds und 3,4 Assists auf.<\/p>\n<figure class=\"wp-block-embed is-type-rich is-provider-twitter wp-block-embed-twitter\">\n<div class=\"wp-block-embed__wrapper\">\n<blockquote class=\"twitter-tweet\" data-width=\"550\" data-dnt=\"true\">\n<p lang=\"es\" dir=\"ltr\">Tengo algo que compartir. <a href=\"https:\/\/t.co\/6uW5MUU6FQ\" target=\"_blank\" rel=\"nofollow\">pic.twitter.com\/6uW5MUU6FQ<\/a><\/p>\n<p>&mdash; Sergio Rodriguez (@SergioRodriguez) <a href=\"https:\/\/twitter.com\/SergioRodriguez\/status\/1803377935035863381?ref_src=twsrc%5Etfw\" target=\"_blank\" rel=\"noopener nofollow\">June 19, 2024<\/a><\/p><\/blockquote>\n<p><script async src=\"https:\/\/platform.twitter.com\/widgets.js\" charset=\"utf-8\"><\/script>\n<\/div>\n<\/figure>\n<p>Zu seinen zahlreichen Erfolgen auf Vereinsebene z\u00e4hlen unter anderem:<\/p>\n<ul class=\"wp-block-list\">\n<li>3 EuroLeague-Titel<\/li>\n<li>4 ACB-Titel<\/li>\n<li>5 Copas del Rey<\/li>\n<li>5 spanische Supercups<\/li>\n<li>2 russische Meisterschaften<\/li>\n<li>1 italienischer Meistertitel<\/li>\n<li>2 italienische Pokale<\/li>\n<li>EuroLeague MVP 2014<\/li>\n<\/ul>\n<p>Auch mit der Nationalmannschaft sammelte er reichlich Erfolge:<\/p>\n<ul class=\"wp-block-list\">\n<li>Silber in London 2012 und Bronze in Rio 2016<\/li>\n<li>Basketball-Weltmeister 2006 in Japan<\/li>\n<li>1 Gold, 2 Silber und 1 Bronze bei Europameisterschaften<\/li>\n<li>1 Gold bei der U18-EuroBasket 2004<\/li>\n<\/ul>\n<p><em>(Cover photo: Borja B. Hojas\/Getty Images)<\/em><\/p>\n","protected":false},"excerpt":{"rendered":"<p>Real Madrids Basketballspieler Sergio Rodr\u00edguez hat eine Erkl\u00e4rung ver\u00f6ffentlicht, in der er seinen R\u00fccktritt vom Parkett mit 38 Jahren bekanntgibt. Der Point Guard aus Santa &#8230; <a title=\"Sergio Rodr\u00edguez verk\u00fcndet Karriereende\" class=\"read-more\" href=\"https:\/\/www.nbamaniacs.com\/de\/nachrichten\/sergio-rodriguez-verkuendet-karriereende\/\" aria-label=\"Mehr Informationen \u00fcber Sergio Rodr\u00edguez verk\u00fcndet Karriereende\">Mehr lesen<\/a><\/p>\n","protected":false},"author":14497,"featured_media":406871,"comment_status":"open","ping_status":"closed","sticky":false,"template":"","format":"standard","meta":{"ub_ctt_via":"","footnotes":""},"categories":[6],"tags":[45,44,161],"class_list":["post-406888","post","type-post","status-publish","format-standard","has-post-thumbnail","hentry","category-nachrichten","tag-new-york-knicks","tag-sacramento-kings","tag-sergio-rodriguez","no-featured-image-padding","resize-featured-image"],"featured_image_src":"https:\/\/www.nbamaniacs.com\/de\/wp-content\/uploads\/2025\/06\/tut-mir-leid-kein-spanischer-text-vorhanden.jpg","author_info":{"display_name":"Niko Jens Schwann","author_link":"https:\/\/www.nbamaniacs.com\/de\/autor\/niko-jens-schwann\/"},"_links":{"self":[{"href":"https:\/\/www.nbamaniacs.com\/de\/wp-json\/wp\/v2\/posts\/406888","targetHints":{"allow":["GET"]}}],"collection":[{"href":"https:\/\/www.nbamaniacs.com\/de\/wp-json\/wp\/v2\/posts"}],"about":[{"href":"https:\/\/www.nbamaniacs.com\/de\/wp-json\/wp\/v2\/types\/post"}],"author":[{"embeddable":true,"href":"https:\/\/www.nbamaniacs.com\/de\/wp-json\/wp\/v2\/users\/14497"}],"replies":[{"embeddable":true,"href":"https:\/\/www.nbamaniacs.com\/de\/wp-json\/wp\/v2\/comments?post=406888"}],"version-history":[{"count":0,"href":"https:\/\/www.nbamaniacs.com\/de\/wp-json\/wp\/v2\/posts\/406888\/revisions"}],"wp:featuredmedia":[{"embeddable":true,"href":"https:\/\/www.nbamaniacs.com\/de\/wp-json\/wp\/v2\/media\/406871"}],"wp:attachment":[{"href":"https:\/\/www.nbamaniacs.com\/de\/wp-json\/wp\/v2\/media?parent=406888"}],"wp:term":[{"taxonomy":"category","embeddable":true,"href":"https:\/\/www.nbamaniacs.com\/de\/wp-json\/wp\/v2\/categories?post=406888"},{"taxonomy":"post_tag","embeddable":true,"href":"https:\/\/www.nbamaniacs.com\/de\/wp-json\/wp\/v2\/tags?post=406888"}],"curies":[{"name":"wp","href":"https:\/\/api.w.org\/{rel}","templated":true}]}}