{"id":406911,"date":"2024-06-17T13:00:00","date_gmt":"2024-06-17T11:00:00","guid":{"rendered":"https:\/\/www.nbamaniacs.com\/de\/nachrichten\/valanciunas-verlaesst-litauen-um-zukunft-zu-sichern\/"},"modified":"2024-06-17T13:00:00","modified_gmt":"2024-06-17T11:00:00","slug":"valanciunas-verlaesst-litauen-um-zukunft-zu-sichern","status":"publish","type":"post","link":"https:\/\/www.nbamaniacs.com\/de\/nachrichten\/valanciunas-verlaesst-litauen-um-zukunft-zu-sichern\/","title":{"rendered":"Valanciunas verl\u00e4sst Litauen, um Zukunft zu sichern"},"content":{"rendered":"<p>Es ist genauso, wie es klingt. Jonas Valanciunas steht vor einem ungew\u00f6hnlichen Sommer. Nachdem er wiederholt unter Vertrag gespielt hatte, wird er ab dem 1. Juli zum Unrestricted Free Agent. Das bringt ihn dazu, auf Litauens vorolympisches Turnier f\u00fcr die Olympischen Spiele 2024 in Paris zu verzichten, das vom 2. bis 7. Juli stattfindet.<\/p>\n<p>Der 32-j\u00e4hrige Veteran-Center gibt zu, dass ihm diese Entscheidung schwerfiel. Trotzdem hofft er weiterhin, dass sein Land sich f\u00fcr die Olympischen Spiele qualifiziert. Sollte das gelingen, plant er, zur\u00fcckzukehren \u2013 falls das Team ihn dabei haben will.<\/p>\n<p>\u201eLeider ist es das erste Mal in meinem Leben, dass ich nicht f\u00fcr die Nationalmannschaft spielen kann\u201c, sagte er. \u201eIch bin aber voll und ganz bei ihnen in Gedanken, unterst\u00fctze sie und gebe Tipps \u2026 Ich werde weiter trainieren und mich auf Paris sowie die Olympischen Spiele vorbereiten. Jetzt helfe ich, wo ich kann, und hoffe, dass Litauen Verst\u00e4ndnis hat, damit wir gemeinsam in Paris antreten k\u00f6nnen.\u201c Das erkl\u00e4rte Valanciunas gegen\u00fcber <em>Eurohoops<\/em> und will so in Topform bleiben, um seinen n\u00e4chsten Vertrag zu unterschreiben.<\/p>\n<p><em>(Photo by Jamie Squire\/Getty Images)<\/em><a href=\"https:\/\/www.gettyimages.es\/license\/2150462925?adppopup=true\" target=\"_blank\" rel=\"noopener nofollow\"><\/a><a href=\"https:\/\/www.gettyimages.es\/license\/2150073073?adppopup=true\" target=\"_blank\" rel=\"noopener nofollow\"><\/a><\/p>\n","protected":false},"excerpt":{"rendered":"<p>Es ist genauso, wie es klingt. Jonas Valanciunas steht vor einem ungew\u00f6hnlichen Sommer. Nachdem er wiederholt unter Vertrag gespielt hatte, wird er ab dem 1. &#8230; <a title=\"Valanciunas verl\u00e4sst Litauen, um Zukunft zu sichern\" class=\"read-more\" href=\"https:\/\/www.nbamaniacs.com\/de\/nachrichten\/valanciunas-verlaesst-litauen-um-zukunft-zu-sichern\/\" aria-label=\"Mehr Informationen \u00fcber Valanciunas verl\u00e4sst Litauen, um Zukunft zu sichern\">Mehr lesen<\/a><\/p>\n","protected":false},"author":14497,"featured_media":406894,"comment_status":"open","ping_status":"closed","sticky":false,"template":"","format":"standard","meta":{"ub_ctt_via":"","footnotes":""},"categories":[6],"tags":[760,1328],"class_list":["post-406911","post","type-post","status-publish","format-standard","has-post-thumbnail","hentry","category-nachrichten","tag-jonas-valanciunas","tag-new-orleans-pelicans","no-featured-image-padding","resize-featured-image"],"featured_image_src":"https:\/\/www.nbamaniacs.com\/de\/wp-content\/uploads\/2025\/06\/spanischer-text-fehlt-18.jpg","author_info":{"display_name":"Niko Jens Schwann","author_link":"https:\/\/www.nbamaniacs.com\/de\/autor\/niko-jens-schwann\/"},"_links":{"self":[{"href":"https:\/\/www.nbamaniacs.com\/de\/wp-json\/wp\/v2\/posts\/406911","targetHints":{"allow":["GET"]}}],"collection":[{"href":"https:\/\/www.nbamaniacs.com\/de\/wp-json\/wp\/v2\/posts"}],"about":[{"href":"https:\/\/www.nbamaniacs.com\/de\/wp-json\/wp\/v2\/types\/post"}],"author":[{"embeddable":true,"href":"https:\/\/www.nbamaniacs.com\/de\/wp-json\/wp\/v2\/users\/14497"}],"replies":[{"embeddable":true,"href":"https:\/\/www.nbamaniacs.com\/de\/wp-json\/wp\/v2\/comments?post=406911"}],"version-history":[{"count":0,"href":"https:\/\/www.nbamaniacs.com\/de\/wp-json\/wp\/v2\/posts\/406911\/revisions"}],"wp:featuredmedia":[{"embeddable":true,"href":"https:\/\/www.nbamaniacs.com\/de\/wp-json\/wp\/v2\/media\/406894"}],"wp:attachment":[{"href":"https:\/\/www.nbamaniacs.com\/de\/wp-json\/wp\/v2\/media?parent=406911"}],"wp:term":[{"taxonomy":"category","embeddable":true,"href":"https:\/\/www.nbamaniacs.com\/de\/wp-json\/wp\/v2\/categories?post=406911"},{"taxonomy":"post_tag","embeddable":true,"href":"https:\/\/www.nbamaniacs.com\/de\/wp-json\/wp\/v2\/tags?post=406911"}],"curies":[{"name":"wp","href":"https:\/\/api.w.org\/{rel}","templated":true}]}}