{"id":406967,"date":"2024-06-12T20:23:29","date_gmt":"2024-06-12T18:23:29","guid":{"rendered":"https:\/\/www.nbamaniacs.com\/de\/nachrichten\/kristaps-porzingis-wackelt-fuer-spiel-3\/"},"modified":"2024-06-12T20:23:29","modified_gmt":"2024-06-12T18:23:29","slug":"kristaps-porzingis-wackelt-fuer-spiel-3","status":"publish","type":"post","link":"https:\/\/www.nbamaniacs.com\/de\/nachrichten\/kristaps-porzingis-wackelt-fuer-spiel-3\/","title":{"rendered":"Kristaps Porzingis wackelt f\u00fcr Spiel 3"},"content":{"rendered":"<p>Seit seine Verletzung best\u00e4tigt wurde, haben die vergangenen Stunden das Problem mit Kristaps Porzingis\u2019 linkem Bein allm\u00e4hlich gekl\u00e4rt. Aber nur in Ma\u00dfen. Ein gerissenes mediales Retinakulum f\u00fchrt zur Luxation der Tibiasehne. Diese Verletzung ist in den globalen medizinischen Datenbanken kaum dokumentiert und in der NBA unbekannt. Jeff Stotts, eine der angesehensten Stimmen zu Elite-Basketballverletzungen in den USA, <a href=\"https:\/\/instreetclothes.com\/2024\/06\/11\/understanding-kristaps-porizingis-medial-retinaculum-tear\/\" target=\"_blank\" rel=\"noopener nofollow\">sagt<\/a>, er habe so einen Fall zum ersten Mal in seinen pers\u00f6nlichen Aufzeichnungen vermerkt. Vereinfacht gesagt ist das Retinakulum ein Bindegewebe, das die Sehnen rund um das Sprunggelenk stabil h\u00e4lt.<\/p>\n<p>Gestern, nachdem die Nachricht publik wurde, sagte Porzingis, dass ihn nur eine strikte Absage des \u00c4rzteteams vom Spielen abhalten k\u00f6nne. Und heute steht der Lette in seinem ersten Status-Update des Tages als fraglich im Injury Report. Stotts betont, wie wichtig es ist, die Sehne auf andere Weise zu stabilisieren. Dennoch hindert das den Center nicht daran, mit Einschr\u00e4nkungen zu spielen. Gleichzeitig verringert es das Risiko einer Verschlimmerung nicht, besonders angesichts von Porzingis\u2019 Vorgeschichte.<\/p>\n<p>Unterdessen erkl\u00e4rt der medizinische Spezialist Eduardo Murias, regelm\u00e4\u00dfiger Berater von PlanetaNBA, es bestehe kein Risiko eines erneuten Auftretens. \u201eEs ist eine Verletzung, die sich nicht verschlimmert, wenn er spielt. Sie verursacht jedoch Probleme beim Abrollen auf den Zehen und beim Springen\u201c, <a href=\"https:\/\/x.com\/emuriass\/status\/1800770996607308279\" target=\"_blank\" rel=\"nofollow\">merkt er<\/a> auf seinem X\/Twitter-Account an. Dennoch betont er die Bedeutung, den Bereich zu immobilisieren, und stellt klar, dass nach Saisonende eine Operation notwendig sein wird. Fakt ist: In diesem Moment bleibt Porzingis\u2019 Einsatz f\u00fcr Game Three ungewiss.<\/p>\n<p><em>(Titelbild von Maddie Meyer\/Getty Images)<\/em><\/p>\n","protected":false},"excerpt":{"rendered":"<p>Seit seine Verletzung best\u00e4tigt wurde, haben die vergangenen Stunden das Problem mit Kristaps Porzingis\u2019 linkem Bein allm\u00e4hlich gekl\u00e4rt. Aber nur in Ma\u00dfen. Ein gerissenes mediales &#8230; <a title=\"Kristaps Porzingis wackelt f\u00fcr Spiel 3\" class=\"read-more\" href=\"https:\/\/www.nbamaniacs.com\/de\/nachrichten\/kristaps-porzingis-wackelt-fuer-spiel-3\/\" aria-label=\"Mehr Informationen \u00fcber Kristaps Porzingis wackelt f\u00fcr Spiel 3\">Mehr lesen<\/a><\/p>\n","protected":false},"author":14497,"featured_media":406957,"comment_status":"open","ping_status":"closed","sticky":false,"template":"","format":"standard","meta":{"ub_ctt_via":"","footnotes":""},"categories":[6],"tags":[19,2720],"class_list":["post-406967","post","type-post","status-publish","format-standard","has-post-thumbnail","hentry","category-nachrichten","tag-boston-celtics","tag-kristaps-porzingis","no-featured-image-padding","resize-featured-image"],"featured_image_src":"https:\/\/www.nbamaniacs.com\/de\/wp-content\/uploads\/2025\/06\/spanische-headline-fehlt-30.jpg","author_info":{"display_name":"Niko Jens Schwann","author_link":"https:\/\/www.nbamaniacs.com\/de\/autor\/niko-jens-schwann\/"},"_links":{"self":[{"href":"https:\/\/www.nbamaniacs.com\/de\/wp-json\/wp\/v2\/posts\/406967","targetHints":{"allow":["GET"]}}],"collection":[{"href":"https:\/\/www.nbamaniacs.com\/de\/wp-json\/wp\/v2\/posts"}],"about":[{"href":"https:\/\/www.nbamaniacs.com\/de\/wp-json\/wp\/v2\/types\/post"}],"author":[{"embeddable":true,"href":"https:\/\/www.nbamaniacs.com\/de\/wp-json\/wp\/v2\/users\/14497"}],"replies":[{"embeddable":true,"href":"https:\/\/www.nbamaniacs.com\/de\/wp-json\/wp\/v2\/comments?post=406967"}],"version-history":[{"count":0,"href":"https:\/\/www.nbamaniacs.com\/de\/wp-json\/wp\/v2\/posts\/406967\/revisions"}],"wp:featuredmedia":[{"embeddable":true,"href":"https:\/\/www.nbamaniacs.com\/de\/wp-json\/wp\/v2\/media\/406957"}],"wp:attachment":[{"href":"https:\/\/www.nbamaniacs.com\/de\/wp-json\/wp\/v2\/media?parent=406967"}],"wp:term":[{"taxonomy":"category","embeddable":true,"href":"https:\/\/www.nbamaniacs.com\/de\/wp-json\/wp\/v2\/categories?post=406967"},{"taxonomy":"post_tag","embeddable":true,"href":"https:\/\/www.nbamaniacs.com\/de\/wp-json\/wp\/v2\/tags?post=406967"}],"curies":[{"name":"wp","href":"https:\/\/api.w.org\/{rel}","templated":true}]}}