{"id":406987,"date":"2024-06-11T15:00:00","date_gmt":"2024-06-11T13:00:00","guid":{"rendered":"https:\/\/www.nbamaniacs.com\/de\/nachrichten\/ariza-enthuellt-warum-bynums-karriere-so-frueh-endete\/"},"modified":"2024-06-11T15:00:00","modified_gmt":"2024-06-11T13:00:00","slug":"ariza-enthuellt-warum-bynums-karriere-so-frueh-endete","status":"publish","type":"post","link":"https:\/\/www.nbamaniacs.com\/de\/nachrichten\/ariza-enthuellt-warum-bynums-karriere-so-frueh-endete\/","title":{"rendered":"Ariza enth\u00fcllt, warum Bynums Karriere so fr\u00fch endete"},"content":{"rendered":"<p>Andrew Bynum schien dazu bestimmt, eine gro\u00dfe Kraft in der Liga zu werden, doch sein Weg blieb unvollendet. Nach mehreren Jahren der Entwicklung seit seinem Start bei den Lakers im Jahr 2005 wurde der Center zum All-Star und kam ins All-NBA Second Team. Doch als es so aussah, als habe er seinen Durchbruch geschafft, warf ihn eine Knieverletzung f\u00fcr ein Jahr aus der Bahn, und er erreichte nie wieder seine alte Form. Vielleicht waren es nicht nur k\u00f6rperliche Probleme, die ihn zur\u00fcckhielten.<\/p>\n<p>Trevor Ariza war sein Teamkollege bei den Lakers, und in seinem j\u00fcngsten Auftritt im Podcast <em>Forgotten Seasons<\/em> nutzte er die Gelegenheit, um \u00fcber Bynum zu sprechen. Zuerst lobte er dessen Entwicklung als Spieler, dann nannte er m\u00f6gliche Gr\u00fcnde daf\u00fcr, warum Bynum sein letztes NBA-Spiel mit erst 26 Jahren bestritt.<\/p>\n<p>\u201cIch glaube, bei ihm kamen eine Menge Faktoren zusammen\u201d, begann er. \u201cDiese Liga ist mental extrem hart, und du musst mit vielen Dingen klarkommen, die andere nicht sehen. Dann kommt noch dazu, was in deinem Privatleben passiert. All das kann dich aus der Bahn werfen.\u201d<\/p>\n<p>\u201cIch will nicht zu sehr ins Detail gehen, aber er war sehr familienorientiert, und der Verlust seiner Mutter traf ihn hart. Das ist ein enormer Schlag\u2014du kannst eine Mutter nicht ersetzen. Und wenn du wei\u00dft, wie wichtig sie und seine Familie f\u00fcr ihn waren, glaube ich, dass das viel damit zu tun hatte, warum er sich zur\u00fcckzog.\u201d<\/p>\n<p>Bynum hatte gro\u00dfen Anteil an den beiden Lakers-Titeln 2009 und 2010, erreichte seinen Zenit aber in der Saison 2011\u201312, als er im Schnitt 18,7 Punkte, 11,8 Rebounds und 1,9 Blocks pro Spiel verbuchte. Doch nach diesem scheinbaren Durchbruch bestritt er nur noch 26 NBA-Partien\u201424 f\u00fcr die Cavaliers und 2 f\u00fcr die Pacers.<\/p>\n<p><em>(Cover photo: Harry How\/Getty Images)<\/em><\/p>\n","protected":false},"excerpt":{"rendered":"<p>Andrew Bynum schien dazu bestimmt, eine gro\u00dfe Kraft in der Liga zu werden, doch sein Weg blieb unvollendet. Nach mehreren Jahren der Entwicklung seit seinem &#8230; <a title=\"Ariza enth\u00fcllt, warum Bynums Karriere so fr\u00fch endete\" class=\"read-more\" href=\"https:\/\/www.nbamaniacs.com\/de\/nachrichten\/ariza-enthuellt-warum-bynums-karriere-so-frueh-endete\/\" aria-label=\"Mehr Informationen \u00fcber Ariza enth\u00fcllt, warum Bynums Karriere so fr\u00fch endete\">Mehr lesen<\/a><\/p>\n","protected":false},"author":14497,"featured_media":406983,"comment_status":"open","ping_status":"closed","sticky":false,"template":"","format":"standard","meta":{"ub_ctt_via":"","footnotes":""},"categories":[6],"tags":[160,10,265],"class_list":["post-406987","post","type-post","status-publish","format-standard","has-post-thumbnail","hentry","category-nachrichten","tag-andrew-bynum","tag-los-angeles-lakers","tag-trevor-ariza","no-featured-image-padding","resize-featured-image"],"featured_image_src":"https:\/\/www.nbamaniacs.com\/de\/wp-content\/uploads\/2025\/06\/lebron-dominiert-getty-bild-144266591-f-angt-dunk-ein.jpg","author_info":{"display_name":"Niko Jens Schwann","author_link":"https:\/\/www.nbamaniacs.com\/de\/autor\/niko-jens-schwann\/"},"_links":{"self":[{"href":"https:\/\/www.nbamaniacs.com\/de\/wp-json\/wp\/v2\/posts\/406987","targetHints":{"allow":["GET"]}}],"collection":[{"href":"https:\/\/www.nbamaniacs.com\/de\/wp-json\/wp\/v2\/posts"}],"about":[{"href":"https:\/\/www.nbamaniacs.com\/de\/wp-json\/wp\/v2\/types\/post"}],"author":[{"embeddable":true,"href":"https:\/\/www.nbamaniacs.com\/de\/wp-json\/wp\/v2\/users\/14497"}],"replies":[{"embeddable":true,"href":"https:\/\/www.nbamaniacs.com\/de\/wp-json\/wp\/v2\/comments?post=406987"}],"version-history":[{"count":0,"href":"https:\/\/www.nbamaniacs.com\/de\/wp-json\/wp\/v2\/posts\/406987\/revisions"}],"wp:featuredmedia":[{"embeddable":true,"href":"https:\/\/www.nbamaniacs.com\/de\/wp-json\/wp\/v2\/media\/406983"}],"wp:attachment":[{"href":"https:\/\/www.nbamaniacs.com\/de\/wp-json\/wp\/v2\/media?parent=406987"}],"wp:term":[{"taxonomy":"category","embeddable":true,"href":"https:\/\/www.nbamaniacs.com\/de\/wp-json\/wp\/v2\/categories?post=406987"},{"taxonomy":"post_tag","embeddable":true,"href":"https:\/\/www.nbamaniacs.com\/de\/wp-json\/wp\/v2\/tags?post=406987"}],"curies":[{"name":"wp","href":"https:\/\/api.w.org\/{rel}","templated":true}]}}